{"id":89439,"date":"2026-09-04T06:25:41","date_gmt":"2026-09-04T12:25:41","guid":{"rendered":"https:\/\/themexicopost.com\/?p=89439"},"modified":"2026-09-04T06:25:43","modified_gmt":"2026-09-04T12:25:43","slug":"karol-g-y-bruno-mars-encienden-la-pantalla-con-el-videoclip-de-still","status":"publish","type":"post","link":"https:\/\/themexicopost.com\/?p=89439","title":{"rendered":"Karol G y Bruno Mars encienden la pantalla con el videoclip de \u201cStill\u201d"},"content":{"rendered":"\n<figure class=\"wp-block-pullquote\"><blockquote><p>La pareja musical estren\u00f3 un video en blanco y negro grabado durante el concierto de la colombiana en el SoFi Stadium de Los \u00c1ngeles.<\/p><\/blockquote><\/figure>\n\n\n\n<p class=\"has-drop-cap wp-block-paragraph\">La qu\u00edmica entre Karol G y Bruno Mars volvi\u00f3 a quedar plasmada en pantalla con el estreno del videoclip de \u201cStill\u201d, colaboraci\u00f3n que fue grabada durante el concierto que la cantante colombiana ofreci\u00f3 el pasado 15 de agosto en el SoFi Stadium de Los \u00c1ngeles.<br><\/p>\n\n\n\n<p class=\"wp-block-paragraph\">El video, realizado completamente en blanco y negro, muestra a ambos artistas interpretando la canci\u00f3n en distintos espacios del recinto, desde los camerinos y las tribunas hasta el escenario, frente a un estadio completamente lleno.<br><\/p>\n\n\n\n<p class=\"wp-block-paragraph\">Las im\u00e1genes tambi\u00e9n muestran la cercan\u00eda entre Karol G y Bruno Mars, quienes aparecen abraz\u00e1ndose y compartiendo distintos momentos detr\u00e1s de c\u00e1maras. La complicidad entre ambos ya hab\u00eda llamado la atenci\u00f3n de sus seguidores a trav\u00e9s de sus publicaciones en redes sociales.<br><\/p>\n\n\n\n<p class=\"wp-block-paragraph\">\u201cStill\u201d forma parte de \u201cNo me arrepiento de sentir tanto\u201d, sexto \u00e1lbum de estudio de Karol G, lanzado el pasado 7 de agosto. D\u00edas antes del estreno del videoclip, la colombiana comparti\u00f3 fotograf\u00edas junto a Mars, en las que ambos aparecen celebrando con champa\u00f1a y un pastel con el mensaje \u201cWelcome Karol G\u201d.<br><\/p>\n\n\n\n<figure class=\"wp-block-image size-large\"><img fetchpriority=\"high\" decoding=\"async\" width=\"1024\" height=\"684\" src=\"https:\/\/themexicopost.com\/wp-content\/uploads\/2026\/09\/15KAROL-2-1024x684.jpg\" alt=\"\" class=\"wp-image-89441\" srcset=\"https:\/\/themexicopost.com\/wp-content\/uploads\/2026\/09\/15KAROL-2-1024x684.jpg 1024w, https:\/\/themexicopost.com\/wp-content\/uploads\/2026\/09\/15KAROL-2-300x201.jpg 300w, https:\/\/themexicopost.com\/wp-content\/uploads\/2026\/09\/15KAROL-2-768x513.jpg 768w, https:\/\/themexicopost.com\/wp-content\/uploads\/2026\/09\/15KAROL-2.jpg 1200w\" sizes=\"(max-width: 1024px) 100vw, 1024px\" \/><\/figure>\n\n\n\n<p class=\"wp-block-paragraph\">Bruno Mars tambi\u00e9n aliment\u00f3 la expectativa al publicar contenido relacionado con la colaboraci\u00f3n y acompa\u00f1arlo con una frase en tono rom\u00e1ntico sobre enamorarse de una latina.<br><\/p>\n\n\n\n<p class=\"wp-block-paragraph\">El nuevo disco de Karol G incluye adem\u00e1s colaboraciones con Drake, Judeline y Rusowsky, entre otros artistas. El \u00e1lbum lleg\u00f3 un a\u00f1o despu\u00e9s de Tropicoqueta, producci\u00f3n con la que la cantante explor\u00f3 sus ra\u00edces latinoamericanas y que dio paso a su actual gira mundial.<br><\/p>\n\n\n\n<p class=\"wp-block-paragraph\">Karol G ha explicado que No me arrepiento de sentir tanto representa una etapa m\u00e1s \u00edntima de su carrera y una mirada hacia Carolina Giraldo, su nombre de nacimiento.<br><\/p>\n\n\n\n<p class=\"wp-block-paragraph\">La cantante tambi\u00e9n particip\u00f3 recientemente de manera virtual en el concierto solidario Colombia: Voces por la vida, realizado para apoyar a los damnificados por el terremoto de magnitud 7.4 registrado el 10 de agosto. Durante el evento anunci\u00f3 una donaci\u00f3n de un mill\u00f3n de d\u00f3lares.<\/p>\n","protected":false},"excerpt":{"rendered":"<p>La pareja musical estren\u00f3 un video en blanco y negro grabado durante el concierto de la colombiana en el SoFi Stadium de Los \u00c1ngeles. La qu\u00edmica entre Karol G y Bruno Mars volvi\u00f3 a quedar plasmada en pantalla con el estreno del videoclip de \u201cStill\u201d, colaboraci\u00f3n que fue grabada durante el concierto que la cantante [&hellip;]<\/p>\n","protected":false},"author":1,"featured_media":89440,"comment_status":"closed","ping_status":"closed","sticky":false,"template":"","format":"standard","meta":{"footnotes":""},"categories":[78],"tags":[],"class_list":["post-89439","post","type-post","status-publish","format-standard","has-post-thumbnail","hentry","category-espectaculos"],"_links":{"self":[{"href":"https:\/\/themexicopost.com\/index.php?rest_route=\/wp\/v2\/posts\/89439","targetHints":{"allow":["GET"]}}],"collection":[{"href":"https:\/\/themexicopost.com\/index.php?rest_route=\/wp\/v2\/posts"}],"about":[{"href":"https:\/\/themexicopost.com\/index.php?rest_route=\/wp\/v2\/types\/post"}],"author":[{"embeddable":true,"href":"https:\/\/themexicopost.com\/index.php?rest_route=\/wp\/v2\/users\/1"}],"replies":[{"embeddable":true,"href":"https:\/\/themexicopost.com\/index.php?rest_route=%2Fwp%2Fv2%2Fcomments&post=89439"}],"version-history":[{"count":1,"href":"https:\/\/themexicopost.com\/index.php?rest_route=\/wp\/v2\/posts\/89439\/revisions"}],"predecessor-version":[{"id":89442,"href":"https:\/\/themexicopost.com\/index.php?rest_route=\/wp\/v2\/posts\/89439\/revisions\/89442"}],"wp:featuredmedia":[{"embeddable":true,"href":"https:\/\/themexicopost.com\/index.php?rest_route=\/wp\/v2\/media\/89440"}],"wp:attachment":[{"href":"https:\/\/themexicopost.com\/index.php?rest_route=%2Fwp%2Fv2%2Fmedia&parent=89439"}],"wp:term":[{"taxonomy":"category","embeddable":true,"href":"https:\/\/themexicopost.com\/index.php?rest_route=%2Fwp%2Fv2%2Fcategories&post=89439"},{"taxonomy":"post_tag","embeddable":true,"href":"https:\/\/themexicopost.com\/index.php?rest_route=%2Fwp%2Fv2%2Ftags&post=89439"}],"curies":[{"name":"wp","href":"https:\/\/api.w.org\/{rel}","templated":true}]}}