{"id":89446,"date":"2026-09-04T06:27:20","date_gmt":"2026-09-04T12:27:20","guid":{"rendered":"https:\/\/themexicopost.com\/?p=89446"},"modified":"2026-09-04T06:27:23","modified_gmt":"2026-09-04T12:27:23","slug":"checo-perez-formara-nuevas-estrellas-anuncia-que-lanzara-academia","status":"publish","type":"post","link":"https:\/\/themexicopost.com\/?p=89446","title":{"rendered":"Checo P\u00e9rez formar\u00e1 nuevas estrellas; anuncia que lanzar\u00e1 academia"},"content":{"rendered":"\n<figure class=\"wp-block-pullquote\"><blockquote><p>El mexicano, junto a su representante, impulsar\u00e1 j\u00f3venes talentos del automovilismo, desde los 10 hasta los 30 a\u00f1os.<\/p><\/blockquote><\/figure>\n\n\n\n<p class=\"has-drop-cap wp-block-paragraph\">Sergio \u201cCheco\u201d P\u00e9rez comienza a mirar m\u00e1s all\u00e1 de la pista. El piloto mexicano confirm\u00f3 que trabaja en un ambicioso proyecto para formar y desarrollar j\u00f3venes pilotos, una iniciativa que pretende poner en marcha junto con su representante, Khalil Beschir.<br><\/p>\n\n\n\n<p class=\"wp-block-paragraph\">El anuncio se produjo en Monza, previo al Gran Premio de Italia, aunque todav\u00eda no existe una fecha oficial para el lanzamiento. De acuerdo con los primeros detalles, la academia buscar\u00e1 talentos de entre 10 y 30 a\u00f1os y podr\u00eda convertirse en uno de los principales proyectos de P\u00e9rez fuera de la competencia.<br><\/p>\n\n\n\n<p class=\"wp-block-paragraph\">\u201cQueremos ser muy espec\u00edficos y muy selectivos, pero s\u00ed, nos gustar\u00eda usar toda nuestra experiencia\u201d, explic\u00f3 el mexicano, quien adelant\u00f3 que dar\u00e1 a conocer m\u00e1s informaci\u00f3n durante los pr\u00f3ximos meses.<br><\/p>\n\n\n\n<p class=\"wp-block-paragraph\">La iniciativa de Checo surge en un momento en el que varios pilotos consolidados de la F\u00f3rmula 1 han comenzado a involucrarse directamente en la formaci\u00f3n de nuevas generaciones. Lando Norris present\u00f3 recientemente su proyecto LN4 Fusion, mientras que Max Verstappen tambi\u00e9n cuenta con una estructura enfocada en desarrollar j\u00f3venes talentos.<br><\/p>\n\n\n\n<p class=\"wp-block-paragraph\">P\u00e9rez incluso celebr\u00f3 el proyecto de Norris antes de confirmar p\u00fablicamente sus propios planes. El mexicano dej\u00f3 claro que su academia no estar\u00eda limitada a pilotos mexicanos o latinoamericanos, sino que buscar\u00eda j\u00f3venes con potencial independientemente de su nacionalidad.<br><\/p>\n\n\n\n<p class=\"wp-block-paragraph\">El proyecto podr\u00eda representar adem\u00e1s una nueva etapa en la carrera del tapat\u00edo, quien ha comenzado a construir alternativas para el futuro una vez que concluya su trayectoria como piloto de F\u00f3rmula 1.<br><\/p>\n\n\n\n<p class=\"wp-block-paragraph\">Mientras tanto, Checo contin\u00faa vinculado con Cadillac de cara a la temporada 2027, aunque su futuro deportivo tambi\u00e9n ha generado especulaciones sobre un posible inter\u00e9s de Williams.<br><\/p>\n\n\n\n<p class=\"wp-block-paragraph\">El mexicano se suma as\u00ed a una tendencia cada vez m\u00e1s fuerte dentro del automovilismo: pilotos de \u00e9lite que buscan dejar huella no solamente con sus resultados, sino tambi\u00e9n creando el camino para las pr\u00f3ximas generaciones.<\/p>\n","protected":false},"excerpt":{"rendered":"<p>El mexicano, junto a su representante, impulsar\u00e1 j\u00f3venes talentos del automovilismo, desde los 10 hasta los 30 a\u00f1os. Sergio \u201cCheco\u201d P\u00e9rez comienza a mirar m\u00e1s all\u00e1 de la pista. El piloto mexicano confirm\u00f3 que trabaja en un ambicioso proyecto para formar y desarrollar j\u00f3venes pilotos, una iniciativa que pretende poner en marcha junto con su [&hellip;]<\/p>\n","protected":false},"author":1,"featured_media":89450,"comment_status":"closed","ping_status":"closed","sticky":false,"template":"","format":"standard","meta":{"footnotes":""},"categories":[79,83],"tags":[],"class_list":["post-89446","post","type-post","status-publish","format-standard","has-post-thumbnail","hentry","category-deportes","category-destacado"],"_links":{"self":[{"href":"https:\/\/themexicopost.com\/index.php?rest_route=\/wp\/v2\/posts\/89446","targetHints":{"allow":["GET"]}}],"collection":[{"href":"https:\/\/themexicopost.com\/index.php?rest_route=\/wp\/v2\/posts"}],"about":[{"href":"https:\/\/themexicopost.com\/index.php?rest_route=\/wp\/v2\/types\/post"}],"author":[{"embeddable":true,"href":"https:\/\/themexicopost.com\/index.php?rest_route=\/wp\/v2\/users\/1"}],"replies":[{"embeddable":true,"href":"https:\/\/themexicopost.com\/index.php?rest_route=%2Fwp%2Fv2%2Fcomments&post=89446"}],"version-history":[{"count":1,"href":"https:\/\/themexicopost.com\/index.php?rest_route=\/wp\/v2\/posts\/89446\/revisions"}],"predecessor-version":[{"id":89451,"href":"https:\/\/themexicopost.com\/index.php?rest_route=\/wp\/v2\/posts\/89446\/revisions\/89451"}],"wp:featuredmedia":[{"embeddable":true,"href":"https:\/\/themexicopost.com\/index.php?rest_route=\/wp\/v2\/media\/89450"}],"wp:attachment":[{"href":"https:\/\/themexicopost.com\/index.php?rest_route=%2Fwp%2Fv2%2Fmedia&parent=89446"}],"wp:term":[{"taxonomy":"category","embeddable":true,"href":"https:\/\/themexicopost.com\/index.php?rest_route=%2Fwp%2Fv2%2Fcategories&post=89446"},{"taxonomy":"post_tag","embeddable":true,"href":"https:\/\/themexicopost.com\/index.php?rest_route=%2Fwp%2Fv2%2Ftags&post=89446"}],"curies":[{"name":"wp","href":"https:\/\/api.w.org\/{rel}","templated":true}]}}