{"id":89449,"date":"2026-09-04T06:28:02","date_gmt":"2026-09-04T12:28:02","guid":{"rendered":"https:\/\/themexicopost.com\/?p=89449"},"modified":"2026-09-04T06:28:05","modified_gmt":"2026-09-04T12:28:05","slug":"clara-brugada-instala-junta-del-sistema-de-cuidados-y-fortalece-derechos-sociales-en-la-cdmx","status":"publish","type":"post","link":"https:\/\/themexicopost.com\/?p=89449","title":{"rendered":"Clara Brugada instala Junta del Sistema de Cuidados y fortalece derechos sociales en la CDMX"},"content":{"rendered":"\n<figure class=\"wp-block-pullquote\"><blockquote><p>La Junta coordinar\u00e1 la implementaci\u00f3n de la nueva ley y en 90 d\u00edas deber\u00e1 presentar el reglamento.<\/p><\/blockquote><\/figure>\n\n\n\n<p class=\"has-drop-cap wp-block-paragraph\">La jefa de Gobierno de la Ciudad de M\u00e9xico, Clara Brugada Molina, instal\u00f3 la Junta del Sistema de Cuidados, \u00f3rgano encargado de articular, coordinar, monitorear y evaluar esta pol\u00edtica p\u00fablica, en cumplimiento de la Ley del Sistema de Cuidados aprobada por unanimidad el pasado 26 de mayo.<br><\/p>\n\n\n\n<p class=\"wp-block-paragraph\">Desde el Antiguo Palacio del Ayuntamiento, Brugada destac\u00f3 que la legislaci\u00f3n representa un momento hist\u00f3rico al reconocer los cuidados como un derecho y establecer que su responsabilidad debe ser compartida por el Estado, las familias y la sociedad.<br><\/p>\n\n\n\n<p class=\"wp-block-paragraph\">La mandataria inform\u00f3 que el sistema ya est\u00e1 en construcci\u00f3n y que actualmente operan 10 Casas de las 3R&#8217;s \u2014Revalorar, Redistribuir y Reducir\u2014, con la meta de llegar a 20 al finalizar el a\u00f1o. Estos espacios brindan atenci\u00f3n a ni\u00f1as y ni\u00f1os, personas mayores y con discapacidad, adem\u00e1s de servicios como lavander\u00edas, comedores y terapias para personas cuidadoras.<br><\/p>\n\n\n\n<p class=\"wp-block-paragraph\">Tambi\u00e9n anunci\u00f3 la construcci\u00f3n de 300 nuevos Centros de Atenci\u00f3n, Cuidado y Desarrollo Infantil, destinados a ni\u00f1as y ni\u00f1os desde los 45 d\u00edas de nacidos hasta los seis a\u00f1os, con atenci\u00f3n gratuita y horarios de 6:30 a 18:00 horas.<br><\/p>\n\n\n\n<p class=\"wp-block-paragraph\">Brugada adelant\u00f3 que enviar\u00e1 al Congreso capitalino una iniciativa para establecer en la Constituci\u00f3n local la obligaci\u00f3n del Gobierno de garantizar un Sistema P\u00fablico de Educaci\u00f3n Inicial para la primera infancia.<br><\/p>\n\n\n\n<p class=\"wp-block-paragraph\">Entre los programas que ya forman parte de esta estrategia se encuentran Desde la Cuna, que beneficia a 151 mil ni\u00f1as y ni\u00f1os de cero a tres a\u00f1os; Mujeres Sanas, Infancias Protegidas, que atender\u00e1 a 15 mil mujeres embarazadas durante este a\u00f1o; y Ciudad que Cuida a Quien Cuida, que apoya econ\u00f3micamente a 5 mil personas cuidadoras.<br><\/p>\n\n\n\n<p class=\"wp-block-paragraph\">La jefa de Gobierno se\u00f1al\u00f3 que las mujeres destinan alrededor de 41 horas semanales al trabajo dom\u00e9stico y de cuidados no remunerado, casi el doble que los hombres. Por ello, instruy\u00f3 a la Junta a desarrollar una metodolog\u00eda para medir el valor social y econ\u00f3mico de estas labores y calcular cu\u00e1nto tiempo liberan las nuevas pol\u00edticas p\u00fablicas.<br><\/p>\n\n\n\n<p class=\"wp-block-paragraph\">En un plazo m\u00e1ximo de 90 d\u00edas, la Junta deber\u00e1 elaborar el reglamento de la ley, convocar a las 16 alcald\u00edas para construir sistemas locales de cuidados, crear un mapa interactivo de servicios y conformar el Consejo Consultivo.<br><\/p>\n\n\n\n<p class=\"wp-block-paragraph\">Durante la sesi\u00f3n, Brugada design\u00f3 a Lidia Rodr\u00edguez Ch\u00e1vez como secretaria t\u00e9cnica de la Junta. El titular de la Secretar\u00eda de Bienestar e Igualdad Social, Pablo Y\u00e1nes Rizo, destac\u00f3 que la instalaci\u00f3n representa la construcci\u00f3n de un nuevo pilar del Estado de bienestar y posiciona nuevamente a la capital como referente en la creaci\u00f3n de derechos sociales.<br><\/p>\n\n\n\n<p class=\"wp-block-paragraph\">Brugada subray\u00f3 que el objetivo es llevar los cuidados del \u00e1mbito privado al espacio p\u00fablico y avanzar hacia una ciudad basada en la cooperaci\u00f3n, la solidaridad y la corresponsabilidad.<\/p>\n","protected":false},"excerpt":{"rendered":"<p>La Junta coordinar\u00e1 la implementaci\u00f3n de la nueva ley y en 90 d\u00edas deber\u00e1 presentar el reglamento. La jefa de Gobierno de la Ciudad de M\u00e9xico, Clara Brugada Molina, instal\u00f3 la Junta del Sistema de Cuidados, \u00f3rgano encargado de articular, coordinar, monitorear y evaluar esta pol\u00edtica p\u00fablica, en cumplimiento de la Ley del Sistema de [&hellip;]<\/p>\n","protected":false},"author":1,"featured_media":89453,"comment_status":"closed","ping_status":"closed","sticky":false,"template":"","format":"standard","meta":{"footnotes":""},"categories":[82,83],"tags":[],"class_list":["post-89449","post","type-post","status-publish","format-standard","has-post-thumbnail","hentry","category-cdmx","category-destacado"],"_links":{"self":[{"href":"https:\/\/themexicopost.com\/index.php?rest_route=\/wp\/v2\/posts\/89449","targetHints":{"allow":["GET"]}}],"collection":[{"href":"https:\/\/themexicopost.com\/index.php?rest_route=\/wp\/v2\/posts"}],"about":[{"href":"https:\/\/themexicopost.com\/index.php?rest_route=\/wp\/v2\/types\/post"}],"author":[{"embeddable":true,"href":"https:\/\/themexicopost.com\/index.php?rest_route=\/wp\/v2\/users\/1"}],"replies":[{"embeddable":true,"href":"https:\/\/themexicopost.com\/index.php?rest_route=%2Fwp%2Fv2%2Fcomments&post=89449"}],"version-history":[{"count":1,"href":"https:\/\/themexicopost.com\/index.php?rest_route=\/wp\/v2\/posts\/89449\/revisions"}],"predecessor-version":[{"id":89454,"href":"https:\/\/themexicopost.com\/index.php?rest_route=\/wp\/v2\/posts\/89449\/revisions\/89454"}],"wp:featuredmedia":[{"embeddable":true,"href":"https:\/\/themexicopost.com\/index.php?rest_route=\/wp\/v2\/media\/89453"}],"wp:attachment":[{"href":"https:\/\/themexicopost.com\/index.php?rest_route=%2Fwp%2Fv2%2Fmedia&parent=89449"}],"wp:term":[{"taxonomy":"category","embeddable":true,"href":"https:\/\/themexicopost.com\/index.php?rest_route=%2Fwp%2Fv2%2Fcategories&post=89449"},{"taxonomy":"post_tag","embeddable":true,"href":"https:\/\/themexicopost.com\/index.php?rest_route=%2Fwp%2Fv2%2Ftags&post=89449"}],"curies":[{"name":"wp","href":"https:\/\/api.w.org\/{rel}","templated":true}]}}