{"id":89472,"date":"2026-09-04T06:35:42","date_gmt":"2026-09-04T12:35:42","guid":{"rendered":"https:\/\/themexicopost.com\/?p=89472"},"modified":"2026-09-04T06:35:45","modified_gmt":"2026-09-04T12:35:45","slug":"delfina-gomez-respalda-transformacion-del-pjedomex-para-acercar-la-justicia-a-la-ciudadania","status":"publish","type":"post","link":"https:\/\/themexicopost.com\/?p=89472","title":{"rendered":"Delfina G\u00f3mez respalda transformaci\u00f3n del PJEdom\u00e9x para acercar la justicia a la ciudadan\u00eda"},"content":{"rendered":"\n<figure class=\"wp-block-pullquote\"><blockquote><p>Destac\u00f3 los avances para brindar una justicia m\u00e1s cercana, \u00e1gil y accesible, mediante tecnolog\u00eda, atenci\u00f3n directa y coordinaci\u00f3n entre poderes.<\/p><\/blockquote><\/figure>\n\n\n\n<p class=\"has-drop-cap wp-block-paragraph\">La gobernadora Delfina G\u00f3mez \u00c1lvarez reconoci\u00f3 la transformaci\u00f3n que vive el Poder Judicial del Estado de M\u00e9xico y refrend\u00f3 el respaldo de su administraci\u00f3n para consolidar una justicia m\u00e1s cercana a la ciudadan\u00eda, pronta, expedita e imparcial, con pleno respeto a la autonom\u00eda de los poderes.<br><\/p>\n\n\n\n<p class=\"wp-block-paragraph\">Durante el Primer Informe de Actividades 2025-2026 del magistrado H\u00e9ctor Macedo Garc\u00eda, presidente del Tribunal Superior de Justicia del Estado de M\u00e9xico, la mandataria estatal destac\u00f3 que acercar los servicios judiciales a la poblaci\u00f3n, incorporar nuevas tecnolog\u00edas y fortalecer la coordinaci\u00f3n institucional permite atender con mayor eficacia las necesidades de las familias mexiquenses.<br><\/p>\n\n\n\n<p class=\"wp-block-paragraph\">\u201cA un a\u00f1o de la elecci\u00f3n hist\u00f3rica del Poder Judicial, que construye una justicia m\u00e1s transparente, m\u00e1s efectiva, oportuna, hoy escuchamos algunas de las acciones que hacen posible esta transformaci\u00f3n judicial. Una justicia que salga de los escritorios, que se acerque a la gente y que est\u00e9 presente donde m\u00e1s se necesita\u201d, afirm\u00f3.<br><\/p>\n\n\n\n<p class=\"wp-block-paragraph\">En la Sesi\u00f3n Extraordinaria, P\u00fablica, Solemne y Conjunta de los Plenos del Poder Judicial, realizada en el Centro Cultural Mexiquense Bicentenario, Delfina G\u00f3mez subray\u00f3 que la rendici\u00f3n de cuentas es fundamental para fortalecer el Estado de derecho y transparentar los avances y retos de las instituciones.<br><\/p>\n\n\n\n<p class=\"wp-block-paragraph\">Entre los resultados presentados destac\u00f3 el programa \u201cJusticia Casa por Casa\u201d, mediante el cual los servicios judiciales llegaron a cerca de 4 mil hogares de Cuautitl\u00e1n Izcalli y Naucalpan. Tambi\u00e9n resalt\u00f3 las audiencias ciudadanas, las videoconferencias CONTIGO y la Alianza Pro Bono, integrada por 18 organizaciones de abogados que ofrecen asesor\u00eda y representaci\u00f3n jur\u00eddica gratuita.<br><\/p>\n\n\n\n<p class=\"wp-block-paragraph\">La gobernadora reconoci\u00f3 adem\u00e1s la incorporaci\u00f3n de herramientas tecnol\u00f3gicas para facilitar el acceso a la justicia. A trav\u00e9s del Tribunal Electr\u00f3nico fueron atendidas m\u00e1s de 170 mil personas usuarias, mientras que el Int\u00e9rprete de Sentencias, basado en inteligencia artificial, proces\u00f3 mil 401 resoluciones para explicarlas en un lenguaje accesible para la ciudadan\u00eda.<br><\/p>\n\n\n\n<p class=\"wp-block-paragraph\">Asimismo, destac\u00f3 el trabajo conjunto entre los poderes Ejecutivo y Judicial para impulsar la reforma constitucional relacionada con el Juzgado LIBRE, orientada a brindar atenci\u00f3n permanente, respuesta inmediata y acompa\u00f1amiento multidisciplinario a mujeres, ni\u00f1as y adolescentes en riesgo de violencia.<br><\/p>\n\n\n\n<p class=\"wp-block-paragraph\">Delfina G\u00f3mez tambi\u00e9n subray\u00f3 la importancia de mantener la coordinaci\u00f3n institucional en materia de seguridad, particularmente mediante la participaci\u00f3n del Poder Judicial en las Mesas de Paz, donde se busca que las decisiones est\u00e9n guiadas por la justicia y el respeto a la ley.<br><\/p>\n\n\n\n<p class=\"wp-block-paragraph\">Por su parte, el Magistrado H\u00e9ctor Macedo Garc\u00eda reconoci\u00f3 el liderazgo de la Gobernadora y la coordinaci\u00f3n entre autoridades de los tres \u00f3rdenes de gobierno, la cual, se\u00f1al\u00f3, contribuy\u00f3 a que los delitos de alto impacto disminuyeran 30% durante el primer semestre de 2026, respecto al mismo periodo de 2025.<\/p>\n","protected":false},"excerpt":{"rendered":"<p>Destac\u00f3 los avances para brindar una justicia m\u00e1s cercana, \u00e1gil y accesible, mediante tecnolog\u00eda, atenci\u00f3n directa y coordinaci\u00f3n entre poderes. La gobernadora Delfina G\u00f3mez \u00c1lvarez reconoci\u00f3 la transformaci\u00f3n que vive el Poder Judicial del Estado de M\u00e9xico y refrend\u00f3 el respaldo de su administraci\u00f3n para consolidar una justicia m\u00e1s cercana a la ciudadan\u00eda, pronta, expedita [&hellip;]<\/p>\n","protected":false},"author":1,"featured_media":89476,"comment_status":"closed","ping_status":"closed","sticky":false,"template":"","format":"standard","meta":{"footnotes":""},"categories":[83,81],"tags":[],"class_list":["post-89472","post","type-post","status-publish","format-standard","has-post-thumbnail","hentry","category-destacado","category-nacional"],"_links":{"self":[{"href":"https:\/\/themexicopost.com\/index.php?rest_route=\/wp\/v2\/posts\/89472","targetHints":{"allow":["GET"]}}],"collection":[{"href":"https:\/\/themexicopost.com\/index.php?rest_route=\/wp\/v2\/posts"}],"about":[{"href":"https:\/\/themexicopost.com\/index.php?rest_route=\/wp\/v2\/types\/post"}],"author":[{"embeddable":true,"href":"https:\/\/themexicopost.com\/index.php?rest_route=\/wp\/v2\/users\/1"}],"replies":[{"embeddable":true,"href":"https:\/\/themexicopost.com\/index.php?rest_route=%2Fwp%2Fv2%2Fcomments&post=89472"}],"version-history":[{"count":1,"href":"https:\/\/themexicopost.com\/index.php?rest_route=\/wp\/v2\/posts\/89472\/revisions"}],"predecessor-version":[{"id":89477,"href":"https:\/\/themexicopost.com\/index.php?rest_route=\/wp\/v2\/posts\/89472\/revisions\/89477"}],"wp:featuredmedia":[{"embeddable":true,"href":"https:\/\/themexicopost.com\/index.php?rest_route=\/wp\/v2\/media\/89476"}],"wp:attachment":[{"href":"https:\/\/themexicopost.com\/index.php?rest_route=%2Fwp%2Fv2%2Fmedia&parent=89472"}],"wp:term":[{"taxonomy":"category","embeddable":true,"href":"https:\/\/themexicopost.com\/index.php?rest_route=%2Fwp%2Fv2%2Fcategories&post=89472"},{"taxonomy":"post_tag","embeddable":true,"href":"https:\/\/themexicopost.com\/index.php?rest_route=%2Fwp%2Fv2%2Ftags&post=89472"}],"curies":[{"name":"wp","href":"https:\/\/api.w.org\/{rel}","templated":true}]}}