{"id":89481,"date":"2026-09-04T06:39:07","date_gmt":"2026-09-04T12:39:07","guid":{"rendered":"https:\/\/themexicopost.com\/?p=89481"},"modified":"2026-09-04T06:39:09","modified_gmt":"2026-09-04T12:39:09","slug":"siria-comienza-a-destruir-el-arsenal-quimico-de-la-era-de-bashar-al-asad","status":"publish","type":"post","link":"https:\/\/themexicopost.com\/?p=89481","title":{"rendered":"Siria comienza a destruir el arsenal qu\u00edmico de la era de Bashar al Asad"},"content":{"rendered":"\n<figure class=\"wp-block-pullquote\"><blockquote><p>El nuevo gobierno sirio inici\u00f3 la eliminaci\u00f3n de armas qu\u00edmicas heredadas del r\u00e9gimen derrocado en 2024 y prometi\u00f3 colaborar con los inspectores internacionales.<\/p><\/blockquote><\/figure>\n\n\n\n<p class=\"has-drop-cap wp-block-paragraph\">Siria comenz\u00f3 el proceso de destrucci\u00f3n de las armas qu\u00edmicas que quedaron de la era del expresidente Bashar al Asad, en una medida que las nuevas autoridades calificaron como un momento hist\u00f3rico para el pa\u00eds.<br><\/p>\n\n\n\n<p class=\"wp-block-paragraph\">El representante de Siria ante la ONU, Ibrahim Olabi, inform\u00f3 ante el Consejo de Seguridad que se trata del primer proceso de destrucci\u00f3n del arsenal qu\u00edmico desde la ca\u00edda del antiguo r\u00e9gimen, ocurrida en 2024.<br><\/p>\n\n\n\n<p class=\"wp-block-paragraph\">El anuncio revive uno de los episodios m\u00e1s devastadores de la guerra civil siria. El 21 de agosto de 2013, un ataque con armas qu\u00edmicas en Guta Oriental, suburbio de Damasco, dej\u00f3 m\u00e1s de mil 400 muertos, de acuerdo con estimaciones de los servicios de inteligencia de Estados Unidos. Las im\u00e1genes de las v\u00edctimas, incluidos numerosos ni\u00f1os, provocaron una fuerte condena internacional.<br><\/p>\n\n\n\n<p class=\"wp-block-paragraph\">Tras aquel ataque, Siria se incorpor\u00f3 a la Organizaci\u00f3n para la Prohibici\u00f3n de las Armas Qu\u00edmicas (OPAQ) y acept\u00f3 entregar sus reservas de sustancias t\u00f3xicas para su destrucci\u00f3n, bajo presi\u00f3n de Rusia y Estados Unidos.<br><\/p>\n\n\n\n<p class=\"wp-block-paragraph\">Sin embargo, el gobierno de Asad fue acusado posteriormente de no declarar la totalidad de su arsenal y de obstaculizar las labores de los inspectores internacionales. Durante los m\u00e1s de 13 a\u00f1os de conflicto, tambi\u00e9n enfrent\u00f3 m\u00faltiples se\u00f1alamientos por el supuesto uso de armas qu\u00edmicas contra la poblaci\u00f3n.<br><\/p>\n\n\n\n<p class=\"wp-block-paragraph\">Con la ca\u00edda de Asad, las nuevas autoridades sirias se comprometieron a cooperar con la OPAQ y permitieron la presencia permanente de sus inspectores para localizar instalaciones sospechosas, identificar posibles reservas y recabar testimonios relacionados con ataques ocurridos durante la guerra.<\/p>\n","protected":false},"excerpt":{"rendered":"<p>El nuevo gobierno sirio inici\u00f3 la eliminaci\u00f3n de armas qu\u00edmicas heredadas del r\u00e9gimen derrocado en 2024 y prometi\u00f3 colaborar con los inspectores internacionales. Siria comenz\u00f3 el proceso de destrucci\u00f3n de las armas qu\u00edmicas que quedaron de la era del expresidente Bashar al Asad, en una medida que las nuevas autoridades calificaron como un momento hist\u00f3rico [&hellip;]<\/p>\n","protected":false},"author":1,"featured_media":89485,"comment_status":"closed","ping_status":"closed","sticky":false,"template":"","format":"standard","meta":{"footnotes":""},"categories":[80],"tags":[],"class_list":["post-89481","post","type-post","status-publish","format-standard","has-post-thumbnail","hentry","category-mundo"],"_links":{"self":[{"href":"https:\/\/themexicopost.com\/index.php?rest_route=\/wp\/v2\/posts\/89481","targetHints":{"allow":["GET"]}}],"collection":[{"href":"https:\/\/themexicopost.com\/index.php?rest_route=\/wp\/v2\/posts"}],"about":[{"href":"https:\/\/themexicopost.com\/index.php?rest_route=\/wp\/v2\/types\/post"}],"author":[{"embeddable":true,"href":"https:\/\/themexicopost.com\/index.php?rest_route=\/wp\/v2\/users\/1"}],"replies":[{"embeddable":true,"href":"https:\/\/themexicopost.com\/index.php?rest_route=%2Fwp%2Fv2%2Fcomments&post=89481"}],"version-history":[{"count":1,"href":"https:\/\/themexicopost.com\/index.php?rest_route=\/wp\/v2\/posts\/89481\/revisions"}],"predecessor-version":[{"id":89486,"href":"https:\/\/themexicopost.com\/index.php?rest_route=\/wp\/v2\/posts\/89481\/revisions\/89486"}],"wp:featuredmedia":[{"embeddable":true,"href":"https:\/\/themexicopost.com\/index.php?rest_route=\/wp\/v2\/media\/89485"}],"wp:attachment":[{"href":"https:\/\/themexicopost.com\/index.php?rest_route=%2Fwp%2Fv2%2Fmedia&parent=89481"}],"wp:term":[{"taxonomy":"category","embeddable":true,"href":"https:\/\/themexicopost.com\/index.php?rest_route=%2Fwp%2Fv2%2Fcategories&post=89481"},{"taxonomy":"post_tag","embeddable":true,"href":"https:\/\/themexicopost.com\/index.php?rest_route=%2Fwp%2Fv2%2Ftags&post=89481"}],"curies":[{"name":"wp","href":"https:\/\/api.w.org\/{rel}","templated":true}]}}