{"id":89484,"date":"2026-09-04T06:40:09","date_gmt":"2026-09-04T12:40:09","guid":{"rendered":"https:\/\/themexicopost.com\/?p=89484"},"modified":"2026-09-04T06:40:10","modified_gmt":"2026-09-04T12:40:10","slug":"milei-endurece-pulso-por-las-malvinas-sancionara-a-empresas-que-exploten-recursos","status":"publish","type":"post","link":"https:\/\/themexicopost.com\/?p=89484","title":{"rendered":"Milei endurece pulso por las Malvinas: sancionar\u00e1 a empresas que exploten recursos"},"content":{"rendered":"\n<figure class=\"wp-block-pullquote\"><blockquote><p>Anunci\u00f3 restricciones contra compa\u00f1\u00edas vinculadas con proyectos en el archipi\u00e9lago y orden\u00f3 avanzar en la construcci\u00f3n de una base naval en Tierra del Fuego.<\/p><\/blockquote><\/figure>\n\n\n\n<p class=\"has-drop-cap wp-block-paragraph\">El presidente de Argentina, Javier Milei, elev\u00f3 la presi\u00f3n sobre el Reino Unido por la disputa de soberan\u00eda sobre las islas Malvinas y anunci\u00f3 sanciones contra las empresas que participen, directa o indirectamente, en la explotaci\u00f3n de recursos naturales del archipi\u00e9lago.<br><\/p>\n\n\n\n<p class=\"wp-block-paragraph\">Durante un mensaje transmitido por cadena nacional, Milei advirti\u00f3 que las compa\u00f1\u00edas involucradas en proyectos sin autorizaci\u00f3n argentina podr\u00e1n ser inhabilitadas para operar en territorio continental, mientras que sus accionistas, directivos y proveedores tambi\u00e9n podr\u00edan enfrentar sanciones.<br><\/p>\n\n\n\n<p class=\"wp-block-paragraph\">El mandatario puso especial atenci\u00f3n en los planes de explotaci\u00f3n petrolera de la israel\u00ed Navitas y la brit\u00e1nica Rockhopper, proyecto que, seg\u00fan Buenos Aires, podr\u00eda marcar el inicio de una extracci\u00f3n de crudo a gran escala en las aguas pr\u00f3ximas a las islas, bajo control brit\u00e1nico desde 1833.<br><\/p>\n\n\n\n<p class=\"wp-block-paragraph\">\u201cSi hoy no actuamos con firmeza y celeridad\u201d, advirti\u00f3 Milei, las empresas podr\u00edan adquirir en pocos meses la capacidad de explotar las reservas de petr\u00f3leo ubicadas bajo el mar que Argentina considera parte de su territorio.<br><\/p>\n\n\n\n<p class=\"wp-block-paragraph\">Adem\u00e1s, el gobierno argentino prepara un proyecto de ley para endurecer las sanciones contra las compa\u00f1\u00edas que desarrollen actividades no autorizadas en las Malvinas. Las medidas podr\u00edan incluir la prohibici\u00f3n de operar en el territorio continental argentino e incluso procesos judiciales en ausencia.<br><\/p>\n\n\n\n<p class=\"wp-block-paragraph\">Como parte de la nueva estrategia, Milei anunci\u00f3 tambi\u00e9n un decreto para ampliar los recursos del Ministerio de Defensa con el objetivo de construir una base naval integrada en Tierra del Fuego, provincia desde la cual Argentina busca reforzar su presencia militar y log\u00edstica en el Atl\u00e1ntico Sur.<br><\/p>\n\n\n\n<p class=\"wp-block-paragraph\">El presidente asegur\u00f3 que la instalaci\u00f3n permitir\u00e1 convertir a la regi\u00f3n en un importante polo log\u00edstico y fortalecer la proyecci\u00f3n geopol\u00edtica argentina. La disputa por las Malvinas, mientras tanto, vuelve a colocarse en el centro de la agenda del gobierno de Buenos Aires.<\/p>\n","protected":false},"excerpt":{"rendered":"<p>Anunci\u00f3 restricciones contra compa\u00f1\u00edas vinculadas con proyectos en el archipi\u00e9lago y orden\u00f3 avanzar en la construcci\u00f3n de una base naval en Tierra del Fuego. El presidente de Argentina, Javier Milei, elev\u00f3 la presi\u00f3n sobre el Reino Unido por la disputa de soberan\u00eda sobre las islas Malvinas y anunci\u00f3 sanciones contra las empresas que participen, directa [&hellip;]<\/p>\n","protected":false},"author":1,"featured_media":89488,"comment_status":"closed","ping_status":"closed","sticky":false,"template":"","format":"standard","meta":{"footnotes":""},"categories":[80],"tags":[],"class_list":["post-89484","post","type-post","status-publish","format-standard","has-post-thumbnail","hentry","category-mundo"],"_links":{"self":[{"href":"https:\/\/themexicopost.com\/index.php?rest_route=\/wp\/v2\/posts\/89484","targetHints":{"allow":["GET"]}}],"collection":[{"href":"https:\/\/themexicopost.com\/index.php?rest_route=\/wp\/v2\/posts"}],"about":[{"href":"https:\/\/themexicopost.com\/index.php?rest_route=\/wp\/v2\/types\/post"}],"author":[{"embeddable":true,"href":"https:\/\/themexicopost.com\/index.php?rest_route=\/wp\/v2\/users\/1"}],"replies":[{"embeddable":true,"href":"https:\/\/themexicopost.com\/index.php?rest_route=%2Fwp%2Fv2%2Fcomments&post=89484"}],"version-history":[{"count":1,"href":"https:\/\/themexicopost.com\/index.php?rest_route=\/wp\/v2\/posts\/89484\/revisions"}],"predecessor-version":[{"id":89489,"href":"https:\/\/themexicopost.com\/index.php?rest_route=\/wp\/v2\/posts\/89484\/revisions\/89489"}],"wp:featuredmedia":[{"embeddable":true,"href":"https:\/\/themexicopost.com\/index.php?rest_route=\/wp\/v2\/media\/89488"}],"wp:attachment":[{"href":"https:\/\/themexicopost.com\/index.php?rest_route=%2Fwp%2Fv2%2Fmedia&parent=89484"}],"wp:term":[{"taxonomy":"category","embeddable":true,"href":"https:\/\/themexicopost.com\/index.php?rest_route=%2Fwp%2Fv2%2Fcategories&post=89484"},{"taxonomy":"post_tag","embeddable":true,"href":"https:\/\/themexicopost.com\/index.php?rest_route=%2Fwp%2Fv2%2Ftags&post=89484"}],"curies":[{"name":"wp","href":"https:\/\/api.w.org\/{rel}","templated":true}]}}