{"id":89490,"date":"2026-09-04T06:42:25","date_gmt":"2026-09-04T12:42:25","guid":{"rendered":"https:\/\/themexicopost.com\/?p=89490"},"modified":"2026-09-04T06:42:26","modified_gmt":"2026-09-04T12:42:26","slug":"justicia-colombiana-frena-bombardeos-contra-grupos-armados-si-hay-menores-en-los-campamentos","status":"publish","type":"post","link":"https:\/\/themexicopost.com\/?p=89490","title":{"rendered":"Justicia colombiana frena bombardeos contra grupos armados si hay menores en los campamentos"},"content":{"rendered":"\n<figure class=\"wp-block-pullquote\"><blockquote><p>Un juez orden\u00f3 suspender temporalmente los ataques a\u00e9reos en Guaviare cuando existan indicios de ni\u00f1os o adolescentes reclutados.<\/p><\/blockquote><\/figure>\n\n\n\n<p class=\"has-drop-cap wp-block-paragraph\">La justicia colombiana orden\u00f3 al gobierno del presidente Abelardo de la Espriella suspender temporalmente los bombardeos contra campamentos de grupos armados cuando exista informaci\u00f3n de inteligencia o alertas sobre la posible presencia de menores de edad.<br><\/p>\n\n\n\n<p class=\"wp-block-paragraph\">La medida fue dictada por un juzgado de San Jos\u00e9 del Guaviare, en medio de la pol\u00e9mica generada por dos recientes ataques a\u00e9reos ordenados por el gobierno en ese departamento amaz\u00f3nico. Los operativos dejaron al menos 33 integrantes de una disidencia de las FARC muertos.<br><\/p>\n\n\n\n<p class=\"wp-block-paragraph\">La controversia aument\u00f3 luego de que Medicina Legal confirmara que entre las v\u00edctimas del primer bombardeo hab\u00eda tres menores de entre 15 y 16 a\u00f1os. Todav\u00eda no se determina si existen adolescentes entre los fallecidos del segundo operativo.<br><\/p>\n\n\n\n<p class=\"wp-block-paragraph\">El gobierno de De la Espriella, quien asumi\u00f3 el poder el pasado 7 de agosto y mantiene una estrategia de l\u00ednea dura contra los grupos vinculados con el narcotr\u00e1fico, sostiene que las operaciones se realizaron dentro de los par\u00e1metros legales. El presidente, adem\u00e1s, ha defendido los ataques contra organizaciones que reclutan menores y los utilizan como combatientes o escudos humanos.<br><\/p>\n\n\n\n<p class=\"wp-block-paragraph\">Sin embargo, organizaciones defensoras de derechos humanos y sectores de la oposici\u00f3n han cuestionado la estrategia militar. El ciudadano que present\u00f3 el recurso judicial, Roxemhberg Rozo, sostuvo que el Estado debe combatir a los grupos armados, pero no puede hacerlo poniendo en riesgo la vida de los menores que son obligados a integrar sus filas.<br><\/p>\n\n\n\n<p class=\"wp-block-paragraph\">La preocupaci\u00f3n no es menor. De acuerdo con la Defensor\u00eda del Pueblo, durante 2025 fueron reclutados 428 menores por grupos armados en Colombia, mientras que hasta el 31 de julio de este a\u00f1o ya se contabilizaban 97 casos.<br><\/p>\n\n\n\n<p class=\"wp-block-paragraph\">La decisi\u00f3n judicial permanecer\u00e1 vigente mientras se resuelve de fondo el recurso presentado contra el gobierno y las Fuerzas Militares, en un debate que vuelve a poner en el centro los l\u00edmites de las operaciones militares contra estructuras armadas que utilizan a menores de edad.<\/p>\n","protected":false},"excerpt":{"rendered":"<p>Un juez orden\u00f3 suspender temporalmente los ataques a\u00e9reos en Guaviare cuando existan indicios de ni\u00f1os o adolescentes reclutados. La justicia colombiana orden\u00f3 al gobierno del presidente Abelardo de la Espriella suspender temporalmente los bombardeos contra campamentos de grupos armados cuando exista informaci\u00f3n de inteligencia o alertas sobre la posible presencia de menores de edad. La [&hellip;]<\/p>\n","protected":false},"author":1,"featured_media":89495,"comment_status":"closed","ping_status":"closed","sticky":false,"template":"","format":"standard","meta":{"footnotes":""},"categories":[80],"tags":[],"class_list":["post-89490","post","type-post","status-publish","format-standard","has-post-thumbnail","hentry","category-mundo"],"_links":{"self":[{"href":"https:\/\/themexicopost.com\/index.php?rest_route=\/wp\/v2\/posts\/89490","targetHints":{"allow":["GET"]}}],"collection":[{"href":"https:\/\/themexicopost.com\/index.php?rest_route=\/wp\/v2\/posts"}],"about":[{"href":"https:\/\/themexicopost.com\/index.php?rest_route=\/wp\/v2\/types\/post"}],"author":[{"embeddable":true,"href":"https:\/\/themexicopost.com\/index.php?rest_route=\/wp\/v2\/users\/1"}],"replies":[{"embeddable":true,"href":"https:\/\/themexicopost.com\/index.php?rest_route=%2Fwp%2Fv2%2Fcomments&post=89490"}],"version-history":[{"count":1,"href":"https:\/\/themexicopost.com\/index.php?rest_route=\/wp\/v2\/posts\/89490\/revisions"}],"predecessor-version":[{"id":89496,"href":"https:\/\/themexicopost.com\/index.php?rest_route=\/wp\/v2\/posts\/89490\/revisions\/89496"}],"wp:featuredmedia":[{"embeddable":true,"href":"https:\/\/themexicopost.com\/index.php?rest_route=\/wp\/v2\/media\/89495"}],"wp:attachment":[{"href":"https:\/\/themexicopost.com\/index.php?rest_route=%2Fwp%2Fv2%2Fmedia&parent=89490"}],"wp:term":[{"taxonomy":"category","embeddable":true,"href":"https:\/\/themexicopost.com\/index.php?rest_route=%2Fwp%2Fv2%2Fcategories&post=89490"},{"taxonomy":"post_tag","embeddable":true,"href":"https:\/\/themexicopost.com\/index.php?rest_route=%2Fwp%2Fv2%2Ftags&post=89490"}],"curies":[{"name":"wp","href":"https:\/\/api.w.org\/{rel}","templated":true}]}}