{"id":89494,"date":"2026-09-04T06:45:45","date_gmt":"2026-09-04T12:45:45","guid":{"rendered":"https:\/\/themexicopost.com\/?p=89494"},"modified":"2026-09-04T06:45:47","modified_gmt":"2026-09-04T12:45:47","slug":"corea-del-sur-evalua-enviar-tropas-a-ormuz-tras-presion-de-estados-unidos","status":"publish","type":"post","link":"https:\/\/themexicopost.com\/?p=89494","title":{"rendered":"Corea del Sur eval\u00faa enviar tropas a Ormuz tras presi\u00f3n de Estados Unidos"},"content":{"rendered":"\n<figure class=\"wp-block-pullquote\"><blockquote><p>Se\u00fal analiza una posible misi\u00f3n para proteger la navegaci\u00f3n en el estrat\u00e9gico estrecho, aunque no existe una decisi\u00f3n definitiva.<\/p><\/blockquote><\/figure>\n\n\n\n<p class=\"has-drop-cap wp-block-paragraph\">Corea del Sur reconoci\u00f3 que estudia un eventual despliegue militar en el estrecho de Ormuz, aunque aclar\u00f3 que todav\u00eda no ha tomado una decisi\u00f3n definitiva y que cualquier operaci\u00f3n deber\u00e1 garantizar que no se comprometa la capacidad de defensa del pa\u00eds.<br><\/p>\n\n\n\n<p class=\"wp-block-paragraph\">La posibilidad surge despu\u00e9s de las presiones del presidente de Estados Unidos, Donald Trump, quien ha cuestionado p\u00fablicamente la posici\u00f3n de Se\u00fal frente a la ofensiva estadounidense contra Ir\u00e1n y ha pedido una mayor participaci\u00f3n de sus aliados.<br><\/p>\n\n\n\n<p class=\"wp-block-paragraph\">Un funcionario de la Presidencia surcoreana explic\u00f3 que el gobierno analiza distintas alternativas para contribuir a garantizar la libre navegaci\u00f3n por esta estrat\u00e9gica v\u00eda mar\u00edtima, pero que antes deber\u00e1 evaluar la situaci\u00f3n de seguridad en la pen\u00ednsula coreana y cumplir con los procedimientos legales internos.<br><\/p>\n\n\n\n<p class=\"wp-block-paragraph\">Medios locales informaron que las Fuerzas Armadas incluso habr\u00edan comenzado a preparar una eventual misi\u00f3n, que podr\u00eda incluir un avi\u00f3n de patrulla mar\u00edtima P-8 Poseidon, un buque de apoyo log\u00edstico y un equipo especializado en desactivaci\u00f3n de explosivos. Tambi\u00e9n se habr\u00eda discutido con otros pa\u00edses la posibilidad de utilizar puertos y aeropuertos como puntos de apoyo.<br><\/p>\n\n\n\n<figure class=\"wp-block-image size-large\"><img fetchpriority=\"high\" decoding=\"async\" width=\"1024\" height=\"684\" src=\"https:\/\/themexicopost.com\/wp-content\/uploads\/2026\/09\/COREA-2-1024x684.jpg\" alt=\"\" class=\"wp-image-89499\" srcset=\"https:\/\/themexicopost.com\/wp-content\/uploads\/2026\/09\/COREA-2-1024x684.jpg 1024w, https:\/\/themexicopost.com\/wp-content\/uploads\/2026\/09\/COREA-2-300x201.jpg 300w, https:\/\/themexicopost.com\/wp-content\/uploads\/2026\/09\/COREA-2-768x513.jpg 768w, https:\/\/themexicopost.com\/wp-content\/uploads\/2026\/09\/COREA-2.jpg 1200w\" sizes=\"(max-width: 1024px) 100vw, 1024px\" \/><\/figure>\n\n\n\n<p class=\"wp-block-paragraph\">No obstante, el Ministerio de Defensa surcoreano neg\u00f3 que exista una decisi\u00f3n favorable al despliegue y asegur\u00f3 que las autoridades mantienen conversaciones con la comunidad internacional para buscar formas pr\u00e1cticas de contribuir a la recuperaci\u00f3n de la navegaci\u00f3n en Ormuz. La Canciller\u00eda tambi\u00e9n descart\u00f3 que exista, por ahora, una propuesta formal para solicitar autorizaci\u00f3n de la Asamblea Nacional.<br><\/p>\n\n\n\n<p class=\"wp-block-paragraph\">El debate adquiere especial importancia para Se\u00fal debido a su dependencia energ\u00e9tica de Oriente Medio. Cerca de 70% del petr\u00f3leo que consume Corea del Sur proviene de esa regi\u00f3n y alrededor de 95% de esas importaciones transita normalmente por el estrecho de Ormuz.<br><\/p>\n\n\n\n<p class=\"wp-block-paragraph\">La tensi\u00f3n aument\u00f3 despu\u00e9s de que en mayo el buque surcoreano HMM NAMU fuera alcanzado por dos proyectiles que, seg\u00fan Se\u00fal, probablemente correspond\u00edan a misiles antibuque de fabricaci\u00f3n iran\u00ed. El incidente llev\u00f3 al gobierno a revisar una propuesta estadounidense para participar en operaciones de escolta mar\u00edtima.<br><\/p>\n\n\n\n<p class=\"wp-block-paragraph\">Por ahora, Se\u00fal mantiene abierta la posibilidad, pero evita comprometerse con un despliegue que podr\u00eda tener importantes implicaciones militares y diplom\u00e1ticas.<\/p>\n","protected":false},"excerpt":{"rendered":"<p>Se\u00fal analiza una posible misi\u00f3n para proteger la navegaci\u00f3n en el estrat\u00e9gico estrecho, aunque no existe una decisi\u00f3n definitiva. Corea del Sur reconoci\u00f3 que estudia un eventual despliegue militar en el estrecho de Ormuz, aunque aclar\u00f3 que todav\u00eda no ha tomado una decisi\u00f3n definitiva y que cualquier operaci\u00f3n deber\u00e1 garantizar que no se comprometa la [&hellip;]<\/p>\n","protected":false},"author":1,"featured_media":89498,"comment_status":"closed","ping_status":"closed","sticky":false,"template":"","format":"standard","meta":{"footnotes":""},"categories":[83,80],"tags":[],"class_list":["post-89494","post","type-post","status-publish","format-standard","has-post-thumbnail","hentry","category-destacado","category-mundo"],"_links":{"self":[{"href":"https:\/\/themexicopost.com\/index.php?rest_route=\/wp\/v2\/posts\/89494","targetHints":{"allow":["GET"]}}],"collection":[{"href":"https:\/\/themexicopost.com\/index.php?rest_route=\/wp\/v2\/posts"}],"about":[{"href":"https:\/\/themexicopost.com\/index.php?rest_route=\/wp\/v2\/types\/post"}],"author":[{"embeddable":true,"href":"https:\/\/themexicopost.com\/index.php?rest_route=\/wp\/v2\/users\/1"}],"replies":[{"embeddable":true,"href":"https:\/\/themexicopost.com\/index.php?rest_route=%2Fwp%2Fv2%2Fcomments&post=89494"}],"version-history":[{"count":1,"href":"https:\/\/themexicopost.com\/index.php?rest_route=\/wp\/v2\/posts\/89494\/revisions"}],"predecessor-version":[{"id":89500,"href":"https:\/\/themexicopost.com\/index.php?rest_route=\/wp\/v2\/posts\/89494\/revisions\/89500"}],"wp:featuredmedia":[{"embeddable":true,"href":"https:\/\/themexicopost.com\/index.php?rest_route=\/wp\/v2\/media\/89498"}],"wp:attachment":[{"href":"https:\/\/themexicopost.com\/index.php?rest_route=%2Fwp%2Fv2%2Fmedia&parent=89494"}],"wp:term":[{"taxonomy":"category","embeddable":true,"href":"https:\/\/themexicopost.com\/index.php?rest_route=%2Fwp%2Fv2%2Fcategories&post=89494"},{"taxonomy":"post_tag","embeddable":true,"href":"https:\/\/themexicopost.com\/index.php?rest_route=%2Fwp%2Fv2%2Ftags&post=89494"}],"curies":[{"name":"wp","href":"https:\/\/api.w.org\/{rel}","templated":true}]}}