{"id":89497,"date":"2026-09-04T06:46:55","date_gmt":"2026-09-04T12:46:55","guid":{"rendered":"https:\/\/themexicopost.com\/?p=89497"},"modified":"2026-09-04T06:46:57","modified_gmt":"2026-09-04T12:46:57","slug":"tribunal-ordena-detener-al-expresidente-abdala-bucaram-que-sigue-hospitalizado","status":"publish","type":"post","link":"https:\/\/themexicopost.com\/?p=89497","title":{"rendered":"Tribunal ordena detener al expresidente Abdal\u00e1 Bucaram, que sigue hospitalizado"},"content":{"rendered":"\n<figure class=\"wp-block-pullquote\"><blockquote><p>El exmandatario ecuatoriano deber\u00e1 permanecer bajo vigilancia policial hasta que pueda salir del hospital.<\/p><\/blockquote><\/figure>\n\n\n\n<p class=\"has-drop-cap wp-block-paragraph\">Un tribunal de Ecuador orden\u00f3 la detenci\u00f3n del expresidente Abdal\u00e1 Bucaram, quien permanece internado en un hospital de Guayaquil, luego de que por sexta ocasi\u00f3n no pudiera instalarse la audiencia en la que se prev\u00e9 conocer la sentencia por un proceso de presunta delincuencia organizada.<br><\/p>\n\n\n\n<p class=\"wp-block-paragraph\">La medida no ser\u00e1 ejecutada de inmediato debido a que el exgobernante se encuentra en cuidados intensivos tras una operaci\u00f3n a la que fue sometido el pasado 25 de agosto. Sin embargo, los jueces ordenaron a la Polic\u00eda mantener una \u201cvigilancia permanente\u201d para impedir que Bucaram evada la justicia una vez que reciba el alta m\u00e9dica.<br><\/p>\n\n\n\n<p class=\"wp-block-paragraph\">La Fiscal\u00eda acusa al exmandatario, a su hijo Jacobo Bucaram y a otras dos personas de haber colaborado, entre marzo y agosto de 2020, con una estructura que habr\u00eda obtenido beneficios econ\u00f3micos mediante la comercializaci\u00f3n de unas 21 mil pruebas para detectar covid-19 y otros insumos m\u00e9dicos durante la emergencia sanitaria.<br><\/p>\n\n\n\n<p class=\"wp-block-paragraph\">Seg\u00fan la investigaci\u00f3n, dos ciudadanos israel\u00edes habr\u00edan trasladado las pruebas hasta la residencia de Bucaram, donde tambi\u00e9n se habr\u00edan almacenado mascarillas y otros materiales m\u00e9dicos. Uno de esos hombres fue asesinado en 2020 dentro de la Penitenciar\u00eda del Litoral.<br><\/p>\n\n\n\n<p class=\"wp-block-paragraph\">El juicio comenz\u00f3 en abril de 2025, despu\u00e9s de diversos aplazamientos, y en \u00e9l han declarado alrededor de 50 peritos y testigos. El tribunal tambi\u00e9n orden\u00f3 al Ministerio de Salud auditar los informes m\u00e9dicos emitidos por los hospitales donde ha sido atendido Bucaram, ante la posibilidad de que se determine si hubo alguna actuaci\u00f3n que haya obstaculizado el proceso judicial.<br><\/p>\n\n\n\n<p class=\"wp-block-paragraph\">La situaci\u00f3n mantiene en suspenso la sentencia contra el exmandatario, quien deber\u00e1 comparecer ante los jueces una vez que su estado de salud permita su traslado.<\/p>\n","protected":false},"excerpt":{"rendered":"<p>El exmandatario ecuatoriano deber\u00e1 permanecer bajo vigilancia policial hasta que pueda salir del hospital. Un tribunal de Ecuador orden\u00f3 la detenci\u00f3n del expresidente Abdal\u00e1 Bucaram, quien permanece internado en un hospital de Guayaquil, luego de que por sexta ocasi\u00f3n no pudiera instalarse la audiencia en la que se prev\u00e9 conocer la sentencia por un proceso [&hellip;]<\/p>\n","protected":false},"author":1,"featured_media":89503,"comment_status":"closed","ping_status":"closed","sticky":false,"template":"","format":"standard","meta":{"footnotes":""},"categories":[80],"tags":[],"class_list":["post-89497","post","type-post","status-publish","format-standard","has-post-thumbnail","hentry","category-mundo"],"_links":{"self":[{"href":"https:\/\/themexicopost.com\/index.php?rest_route=\/wp\/v2\/posts\/89497","targetHints":{"allow":["GET"]}}],"collection":[{"href":"https:\/\/themexicopost.com\/index.php?rest_route=\/wp\/v2\/posts"}],"about":[{"href":"https:\/\/themexicopost.com\/index.php?rest_route=\/wp\/v2\/types\/post"}],"author":[{"embeddable":true,"href":"https:\/\/themexicopost.com\/index.php?rest_route=\/wp\/v2\/users\/1"}],"replies":[{"embeddable":true,"href":"https:\/\/themexicopost.com\/index.php?rest_route=%2Fwp%2Fv2%2Fcomments&post=89497"}],"version-history":[{"count":1,"href":"https:\/\/themexicopost.com\/index.php?rest_route=\/wp\/v2\/posts\/89497\/revisions"}],"predecessor-version":[{"id":89504,"href":"https:\/\/themexicopost.com\/index.php?rest_route=\/wp\/v2\/posts\/89497\/revisions\/89504"}],"wp:featuredmedia":[{"embeddable":true,"href":"https:\/\/themexicopost.com\/index.php?rest_route=\/wp\/v2\/media\/89503"}],"wp:attachment":[{"href":"https:\/\/themexicopost.com\/index.php?rest_route=%2Fwp%2Fv2%2Fmedia&parent=89497"}],"wp:term":[{"taxonomy":"category","embeddable":true,"href":"https:\/\/themexicopost.com\/index.php?rest_route=%2Fwp%2Fv2%2Fcategories&post=89497"},{"taxonomy":"post_tag","embeddable":true,"href":"https:\/\/themexicopost.com\/index.php?rest_route=%2Fwp%2Fv2%2Ftags&post=89497"}],"curies":[{"name":"wp","href":"https:\/\/api.w.org\/{rel}","templated":true}]}}