{"id":89501,"date":"2026-09-04T06:48:33","date_gmt":"2026-09-04T12:48:33","guid":{"rendered":"https:\/\/themexicopost.com\/?p=89501"},"modified":"2026-09-04T06:48:36","modified_gmt":"2026-09-04T12:48:36","slug":"ceuta-sale-a-las-calles-ante-crisis-migratoria-crece-la-tension-politica-en-espana","status":"publish","type":"post","link":"https:\/\/themexicopost.com\/?p=89501","title":{"rendered":"Ceuta sale a las calles ante crisis migratoria; crece la tensi\u00f3n pol\u00edtica en Espa\u00f1a"},"content":{"rendered":"\n<figure class=\"wp-block-pullquote\"><blockquote><p>M\u00e1s de 25 mil personas se movilizaron en la ciudad aut\u00f3noma, mientras Madrid y Barcelona fueron escenario de protestas enfrentadas por la llegada masiva de migrantes.<\/p><\/blockquote><\/figure>\n\n\n\n<p class=\"has-drop-cap wp-block-paragraph\">Miles de personas salieron a las calles de distintas ciudades espa\u00f1olas para manifestar su respaldo a Ceuta, despu\u00e9s de la entrada masiva de m\u00e1s de 70 mil migrantes registrada el 30 y 31 de julio. La crisis mantiene abierto un fuerte debate pol\u00edtico sobre seguridad, migraci\u00f3n y las relaciones con Marruecos.<br><\/p>\n\n\n\n<p class=\"wp-block-paragraph\">En Ceuta, m\u00e1s de 25 mil personas participaron en una movilizaci\u00f3n bajo el lema \u201cCeuta no se vende, Ceuta se defiende\u201d. Los manifestantes exigieron medidas para recuperar la normalidad y reclamaron el retorno de quienes ingresaron ilegalmente y todav\u00eda permanecen en la ciudad.<br><\/p>\n\n\n\n<p class=\"wp-block-paragraph\">En Madrid, dirigentes del Partido Popular (PP) y VOX se sumaron a las protestas, donde tambi\u00e9n se exigi\u00f3 la dimisi\u00f3n del presidente del Gobierno, Pedro S\u00e1nchez. El alcalde madrile\u00f1o, Jos\u00e9 Luis Mart\u00ednez-Almeida, defendi\u00f3 la integridad territorial de Espa\u00f1a y pidi\u00f3 una respuesta tanto del Gobierno central como de la Uni\u00f3n Europea.<br><\/p>\n\n\n\n<p class=\"wp-block-paragraph\">La tensi\u00f3n tambi\u00e9n lleg\u00f3 a una concentraci\u00f3n frente al Congreso de los Diputados, donde se registraron enfrentamientos con grupos ultraderechistas que dejaron cuatro detenidos y cuatro polic\u00edas heridos. Adem\u00e1s, periodistas de Televisi\u00f3n Espa\u00f1ola y La Sexta denunciaron agresiones durante los disturbios.<br><\/p>\n\n\n\n<figure class=\"wp-block-image size-large\"><img fetchpriority=\"high\" decoding=\"async\" width=\"1024\" height=\"684\" src=\"https:\/\/themexicopost.com\/wp-content\/uploads\/2026\/09\/ceuta-2-1024x684.jpg\" alt=\"\" class=\"wp-image-89507\" srcset=\"https:\/\/themexicopost.com\/wp-content\/uploads\/2026\/09\/ceuta-2-1024x684.jpg 1024w, https:\/\/themexicopost.com\/wp-content\/uploads\/2026\/09\/ceuta-2-300x201.jpg 300w, https:\/\/themexicopost.com\/wp-content\/uploads\/2026\/09\/ceuta-2-768x513.jpg 768w, https:\/\/themexicopost.com\/wp-content\/uploads\/2026\/09\/ceuta-2.jpg 1200w\" sizes=\"(max-width: 1024px) 100vw, 1024px\" \/><\/figure>\n\n\n\n<p class=\"wp-block-paragraph\">En Barcelona se produjeron movilizaciones de signo contrario. Mientras sectores del PP y VOX se manifestaron en apoyo a Ceuta, organizaciones antifascistas y contra el racismo protestaron bajo el lema \u201cNo al racismo. Ni en Ceuta, ni en ninguna parte\u201d.<br><\/p>\n\n\n\n<p class=\"wp-block-paragraph\">El conflicto pol\u00edtico se intensific\u00f3 despu\u00e9s de que un informe de la Polic\u00eda espa\u00f1ola, incorporado a la investigaci\u00f3n judicial, calificara la entrada masiva como un movimiento \u201cplanificado\u201d y se\u00f1alara presuntos v\u00ednculos de personas relacionadas con las fuerzas de seguridad marroqu\u00edes.<br><\/p>\n\n\n\n<p class=\"wp-block-paragraph\">Sin embargo, S\u00e1nchez afirm\u00f3 ante el Congreso que su Gobierno a\u00fan no cuenta con pruebas que permitan confirmar que las autoridades de Marruecos dise\u00f1aron o ejecutaron la entrada masiva. El mandatario asegur\u00f3 que, si aparecen evidencias s\u00f3lidas, Espa\u00f1a actuar\u00e1 \u201ccon contundencia\u201d.<br><\/p>\n\n\n\n<p class=\"wp-block-paragraph\">El presidente tambi\u00e9n anunci\u00f3 una investigaci\u00f3n para determinar por qu\u00e9 la Polic\u00eda Nacional no inform\u00f3 al ministro del Interior, Fernando Grande-Marlaska, sobre los indicios relacionados con una posible participaci\u00f3n de agentes marroqu\u00edes en la crisis.<br><\/p>\n\n\n\n<p class=\"wp-block-paragraph\">La situaci\u00f3n mantiene bajo presi\u00f3n al Gobierno espa\u00f1ol, mientras Ceuta enfrenta las consecuencias sociales, econ\u00f3micas y de seguridad derivadas de una de las mayores crisis migratorias registradas en la ciudad aut\u00f3noma.<\/p>\n","protected":false},"excerpt":{"rendered":"<p>M\u00e1s de 25 mil personas se movilizaron en la ciudad aut\u00f3noma, mientras Madrid y Barcelona fueron escenario de protestas enfrentadas por la llegada masiva de migrantes. Miles de personas salieron a las calles de distintas ciudades espa\u00f1olas para manifestar su respaldo a Ceuta, despu\u00e9s de la entrada masiva de m\u00e1s de 70 mil migrantes registrada [&hellip;]<\/p>\n","protected":false},"author":1,"featured_media":89506,"comment_status":"closed","ping_status":"closed","sticky":false,"template":"","format":"standard","meta":{"footnotes":""},"categories":[83,80],"tags":[],"class_list":["post-89501","post","type-post","status-publish","format-standard","has-post-thumbnail","hentry","category-destacado","category-mundo"],"_links":{"self":[{"href":"https:\/\/themexicopost.com\/index.php?rest_route=\/wp\/v2\/posts\/89501","targetHints":{"allow":["GET"]}}],"collection":[{"href":"https:\/\/themexicopost.com\/index.php?rest_route=\/wp\/v2\/posts"}],"about":[{"href":"https:\/\/themexicopost.com\/index.php?rest_route=\/wp\/v2\/types\/post"}],"author":[{"embeddable":true,"href":"https:\/\/themexicopost.com\/index.php?rest_route=\/wp\/v2\/users\/1"}],"replies":[{"embeddable":true,"href":"https:\/\/themexicopost.com\/index.php?rest_route=%2Fwp%2Fv2%2Fcomments&post=89501"}],"version-history":[{"count":1,"href":"https:\/\/themexicopost.com\/index.php?rest_route=\/wp\/v2\/posts\/89501\/revisions"}],"predecessor-version":[{"id":89508,"href":"https:\/\/themexicopost.com\/index.php?rest_route=\/wp\/v2\/posts\/89501\/revisions\/89508"}],"wp:featuredmedia":[{"embeddable":true,"href":"https:\/\/themexicopost.com\/index.php?rest_route=\/wp\/v2\/media\/89506"}],"wp:attachment":[{"href":"https:\/\/themexicopost.com\/index.php?rest_route=%2Fwp%2Fv2%2Fmedia&parent=89501"}],"wp:term":[{"taxonomy":"category","embeddable":true,"href":"https:\/\/themexicopost.com\/index.php?rest_route=%2Fwp%2Fv2%2Fcategories&post=89501"},{"taxonomy":"post_tag","embeddable":true,"href":"https:\/\/themexicopost.com\/index.php?rest_route=%2Fwp%2Fv2%2Ftags&post=89501"}],"curies":[{"name":"wp","href":"https:\/\/api.w.org\/{rel}","templated":true}]}}