{"id":89505,"date":"2026-09-04T06:49:46","date_gmt":"2026-09-04T12:49:46","guid":{"rendered":"https:\/\/themexicopost.com\/?p=89505"},"modified":"2026-09-04T06:49:47","modified_gmt":"2026-09-04T12:49:47","slug":"alemania-investiga-posible-atentado-contra-empresa-de-tecnologia-militar-en-munich","status":"publish","type":"post","link":"https:\/\/themexicopost.com\/?p=89505","title":{"rendered":"Alemania investiga posible atentado contra empresa de tecnolog\u00eda militar en M\u00fanich"},"content":{"rendered":"\n<figure class=\"wp-block-pullquote\"><blockquote><p>Dos personas fueron detenidas tras un ataque incendiario frente a la sede de Rohde &amp; Schwarz; las autoridades analizan si el hecho tuvo una motivaci\u00f3n pol\u00edtica.<\/p><\/blockquote><\/figure>\n\n\n\n<p class=\"has-drop-cap wp-block-paragraph\">La Polic\u00eda alemana investiga un posible ataque de motivaci\u00f3n pol\u00edtica contra instalaciones situadas frente a la sede de la empresa de tecnolog\u00eda de defensa Rohde &amp; Schwarz, en M\u00fanich, despu\u00e9s de que desconocidos lanzaran artefactos incendiarios durante la madrugada.<br><\/p>\n\n\n\n<p class=\"wp-block-paragraph\">El incidente ocurri\u00f3 poco antes de la medianoche en una zona de obras ubicada frente a las instalaciones de la compa\u00f1\u00eda. Seg\u00fan las autoridades, varios objetos incendiarios fueron arrojados desde un autom\u00f3vil y uno de ellos lleg\u00f3 a prenderse en el \u00e1rea donde se encontraban contenedores de construcci\u00f3n.<br><\/p>\n\n\n\n<p class=\"wp-block-paragraph\">Una patrulla policial consigui\u00f3 apagar el fuego y los da\u00f1os fueron considerados menores. En el lugar tambi\u00e9n fue localizado otro artefacto que no lleg\u00f3 a activarse, por lo que especialistas de la Oficina de Investigaci\u00f3n Criminal de Baviera (LKA) intervinieron para neutralizarlo.<br><\/p>\n\n\n\n<figure class=\"wp-block-image size-large\"><img fetchpriority=\"high\" decoding=\"async\" width=\"1024\" height=\"684\" src=\"https:\/\/themexicopost.com\/wp-content\/uploads\/2026\/09\/alemania-3-1024x684.jpg\" alt=\"\" class=\"wp-image-89511\" srcset=\"https:\/\/themexicopost.com\/wp-content\/uploads\/2026\/09\/alemania-3-1024x684.jpg 1024w, https:\/\/themexicopost.com\/wp-content\/uploads\/2026\/09\/alemania-3-300x201.jpg 300w, https:\/\/themexicopost.com\/wp-content\/uploads\/2026\/09\/alemania-3-768x513.jpg 768w, https:\/\/themexicopost.com\/wp-content\/uploads\/2026\/09\/alemania-3.jpg 1200w\" sizes=\"(max-width: 1024px) 100vw, 1024px\" \/><\/figure>\n\n\n\n<p class=\"wp-block-paragraph\">Durante el operativo, agentes detuvieron en una gasolinera cercana a una mujer de 28 a\u00f1os y un hombre de 38, ambos de nacionalidad b\u00falgara. Las autoridades investigan ahora si existe alguna relaci\u00f3n entre los detenidos y el ataque, as\u00ed como el posible trasfondo pol\u00edtico del incidente.<br><\/p>\n\n\n\n<p class=\"wp-block-paragraph\">Rohde &amp; Schwarz confirm\u00f3 la presencia de la Polic\u00eda en sus instalaciones, aunque evit\u00f3 proporcionar mayores detalles. La compa\u00f1\u00eda desarrolla tecnolog\u00edas de seguridad y sistemas de comunicaci\u00f3n utilizados, entre otros, por organismos p\u00fablicos y las Fuerzas Armadas.<br><\/p>\n\n\n\n<p class=\"wp-block-paragraph\">El episodio recuerda un sabotaje ocurrido en las inmediaciones de la misma empresa en 2021, cuando desconocidos incendiaron un cable el\u00e9ctrico durante trabajos de construcci\u00f3n. Aquel incidente provoc\u00f3 un apag\u00f3n que afect\u00f3 a unos 20 mil hogares del este de M\u00fanich y hasta ahora no ha sido esclarecido.<br><\/p>\n\n\n\n<p class=\"wp-block-paragraph\">Las autoridades alemanas mantienen abierta la investigaci\u00f3n para determinar si el nuevo ataque fue un acto aislado o si forma parte de una acci\u00f3n deliberada contra una empresa vinculada con la industria de defensa.<\/p>\n","protected":false},"excerpt":{"rendered":"<p>Dos personas fueron detenidas tras un ataque incendiario frente a la sede de Rohde &amp; Schwarz; las autoridades analizan si el hecho tuvo una motivaci\u00f3n pol\u00edtica. La Polic\u00eda alemana investiga un posible ataque de motivaci\u00f3n pol\u00edtica contra instalaciones situadas frente a la sede de la empresa de tecnolog\u00eda de defensa Rohde &amp; Schwarz, en M\u00fanich, [&hellip;]<\/p>\n","protected":false},"author":1,"featured_media":89510,"comment_status":"closed","ping_status":"closed","sticky":false,"template":"","format":"standard","meta":{"footnotes":""},"categories":[80],"tags":[],"class_list":["post-89505","post","type-post","status-publish","format-standard","has-post-thumbnail","hentry","category-mundo"],"_links":{"self":[{"href":"https:\/\/themexicopost.com\/index.php?rest_route=\/wp\/v2\/posts\/89505","targetHints":{"allow":["GET"]}}],"collection":[{"href":"https:\/\/themexicopost.com\/index.php?rest_route=\/wp\/v2\/posts"}],"about":[{"href":"https:\/\/themexicopost.com\/index.php?rest_route=\/wp\/v2\/types\/post"}],"author":[{"embeddable":true,"href":"https:\/\/themexicopost.com\/index.php?rest_route=\/wp\/v2\/users\/1"}],"replies":[{"embeddable":true,"href":"https:\/\/themexicopost.com\/index.php?rest_route=%2Fwp%2Fv2%2Fcomments&post=89505"}],"version-history":[{"count":1,"href":"https:\/\/themexicopost.com\/index.php?rest_route=\/wp\/v2\/posts\/89505\/revisions"}],"predecessor-version":[{"id":89512,"href":"https:\/\/themexicopost.com\/index.php?rest_route=\/wp\/v2\/posts\/89505\/revisions\/89512"}],"wp:featuredmedia":[{"embeddable":true,"href":"https:\/\/themexicopost.com\/index.php?rest_route=\/wp\/v2\/media\/89510"}],"wp:attachment":[{"href":"https:\/\/themexicopost.com\/index.php?rest_route=%2Fwp%2Fv2%2Fmedia&parent=89505"}],"wp:term":[{"taxonomy":"category","embeddable":true,"href":"https:\/\/themexicopost.com\/index.php?rest_route=%2Fwp%2Fv2%2Fcategories&post=89505"},{"taxonomy":"post_tag","embeddable":true,"href":"https:\/\/themexicopost.com\/index.php?rest_route=%2Fwp%2Fv2%2Ftags&post=89505"}],"curies":[{"name":"wp","href":"https:\/\/api.w.org\/{rel}","templated":true}]}}