{"id":89509,"date":"2026-09-04T06:51:15","date_gmt":"2026-09-04T12:51:15","guid":{"rendered":"https:\/\/themexicopost.com\/?p=89509"},"modified":"2026-09-04T06:51:17","modified_gmt":"2026-09-04T12:51:17","slug":"kim-jong-un-concentra-mas-poder-en-corea-del-norte-y-fortalece-su-control-sobre-el-regimen","status":"publish","type":"post","link":"https:\/\/themexicopost.com\/?p=89509","title":{"rendered":"Kim Jong-un concentra m\u00e1s poder en Corea del Norte y fortalece su control sobre el r\u00e9gimen"},"content":{"rendered":"\n<figure class=\"wp-block-pullquote\"><blockquote><p>Una reforma a las reglas del Partido de los Trabajadores ampl\u00eda las facultades del l\u00edder norcoreano y reduce la dependencia de \u00f3rganos colectivos.<\/p><\/blockquote><\/figure>\n\n\n\n<p class=\"has-drop-cap wp-block-paragraph\">El l\u00edder de Corea del Norte, Kim Jong-un, avanza hacia una mayor concentraci\u00f3n del poder tras la modificaci\u00f3n de las normas que rigen al Partido de los Trabajadores, de acuerdo con un an\u00e1lisis del Instituto de Estrategia de Seguridad Nacional de Corea del Sur, organismo vinculado a los servicios de inteligencia de ese pa\u00eds.<br><\/p>\n\n\n\n<p class=\"wp-block-paragraph\">Las reformas, aprobadas durante el IX Congreso del Partido de los Trabajadores celebrado en febrero, otorgan al secretario general \u2014cargo que ocupa Kim\u2014 facultades expl\u00edcitas para convocar y presidir reuniones de los principales \u00f3rganos pol\u00edticos, adem\u00e1s de nombrar y destituir a altos funcionarios.<br><\/p>\n\n\n\n<p class=\"wp-block-paragraph\">Las nuevas disposiciones tambi\u00e9n permiten al l\u00edder norcoreano admitir o expulsar integrantes del partido y disolver organizaciones y departamentos, lo que, seg\u00fan el instituto surcoreano, le proporciona un control m\u00e1s directo sobre la estructura pol\u00edtica sin depender necesariamente de decisiones colectivas.<br><\/p>\n\n\n\n<p class=\"wp-block-paragraph\">Los cambios tambi\u00e9n fortalecen la supervisi\u00f3n del partido sobre el gobierno y las fuerzas armadas. Las nuevas reglas establecen que el Comit\u00e9 Central debe celebrar sesiones plenarias al menos cada seis meses y permiten al Politbur\u00f3 tomar decisiones importantes durante periodos de guerra cuando cuente con la autorizaci\u00f3n correspondiente.<br><\/p>\n\n\n\n<p class=\"wp-block-paragraph\">Otro elemento destacado es la eliminaci\u00f3n de referencias a los principales logros de Kim Il-sung, fundador de Corea del Norte y abuelo del actual dirigente, as\u00ed como de Kim Jong-il, su padre y antecesor. En su lugar, las normas revisadas colocan un mayor \u00e9nfasis en el liderazgo de Kim Jong-un.<br><\/p>\n\n\n\n<p class=\"wp-block-paragraph\">El instituto surcoreano considera que las modificaciones forman parte de una nueva etapa que denomin\u00f3 \u201cera Kim Jong-un 2.0\u201d, caracterizada por una mayor centralizaci\u00f3n del poder alrededor del actual l\u00edder norcoreano.<br><\/p>\n\n\n\n<p class=\"wp-block-paragraph\">Las reformas tambi\u00e9n mantienen el abandono de la pol\u00edtica tradicional de reunificaci\u00f3n con Corea del Sur y endurecen las medidas disciplinarias dentro del partido, mientras elevan de 18 a 20 a\u00f1os la edad m\u00ednima para incorporarse a la organizaci\u00f3n pol\u00edtica.<\/p>\n","protected":false},"excerpt":{"rendered":"<p>Una reforma a las reglas del Partido de los Trabajadores ampl\u00eda las facultades del l\u00edder norcoreano y reduce la dependencia de \u00f3rganos colectivos. El l\u00edder de Corea del Norte, Kim Jong-un, avanza hacia una mayor concentraci\u00f3n del poder tras la modificaci\u00f3n de las normas que rigen al Partido de los Trabajadores, de acuerdo con un [&hellip;]<\/p>\n","protected":false},"author":1,"featured_media":89514,"comment_status":"closed","ping_status":"closed","sticky":false,"template":"","format":"standard","meta":{"footnotes":""},"categories":[83,80],"tags":[],"class_list":["post-89509","post","type-post","status-publish","format-standard","has-post-thumbnail","hentry","category-destacado","category-mundo"],"_links":{"self":[{"href":"https:\/\/themexicopost.com\/index.php?rest_route=\/wp\/v2\/posts\/89509","targetHints":{"allow":["GET"]}}],"collection":[{"href":"https:\/\/themexicopost.com\/index.php?rest_route=\/wp\/v2\/posts"}],"about":[{"href":"https:\/\/themexicopost.com\/index.php?rest_route=\/wp\/v2\/types\/post"}],"author":[{"embeddable":true,"href":"https:\/\/themexicopost.com\/index.php?rest_route=\/wp\/v2\/users\/1"}],"replies":[{"embeddable":true,"href":"https:\/\/themexicopost.com\/index.php?rest_route=%2Fwp%2Fv2%2Fcomments&post=89509"}],"version-history":[{"count":1,"href":"https:\/\/themexicopost.com\/index.php?rest_route=\/wp\/v2\/posts\/89509\/revisions"}],"predecessor-version":[{"id":89515,"href":"https:\/\/themexicopost.com\/index.php?rest_route=\/wp\/v2\/posts\/89509\/revisions\/89515"}],"wp:featuredmedia":[{"embeddable":true,"href":"https:\/\/themexicopost.com\/index.php?rest_route=\/wp\/v2\/media\/89514"}],"wp:attachment":[{"href":"https:\/\/themexicopost.com\/index.php?rest_route=%2Fwp%2Fv2%2Fmedia&parent=89509"}],"wp:term":[{"taxonomy":"category","embeddable":true,"href":"https:\/\/themexicopost.com\/index.php?rest_route=%2Fwp%2Fv2%2Fcategories&post=89509"},{"taxonomy":"post_tag","embeddable":true,"href":"https:\/\/themexicopost.com\/index.php?rest_route=%2Fwp%2Fv2%2Ftags&post=89509"}],"curies":[{"name":"wp","href":"https:\/\/api.w.org\/{rel}","templated":true}]}}