{"id":89519,"date":"2026-09-04T06:56:37","date_gmt":"2026-09-04T12:56:37","guid":{"rendered":"https:\/\/themexicopost.com\/?p=89519"},"modified":"2026-09-04T06:56:40","modified_gmt":"2026-09-04T12:56:40","slug":"onu-alerta-el-nino-pone-al-mundo-en-zona-de-peligro-por-clima-extremo","status":"publish","type":"post","link":"https:\/\/themexicopost.com\/?p=89519","title":{"rendered":"ONU alerta: El Ni\u00f1o pone al mundo en \u201czona de peligro\u201d por clima extremo"},"content":{"rendered":"\n<figure class=\"wp-block-pullquote\"><blockquote><p>La OMM prev\u00e9 que el fen\u00f3meno alcance una intensidad muy fuerte a finales de 2026 y sus efectos se prolonguen hasta febrero de 2027.<\/p><\/blockquote><\/figure>\n\n\n\n<p class=\"has-drop-cap wp-block-paragraph\">La Organizaci\u00f3n Meteorol\u00f3gica Mundial (OMM) advirti\u00f3 que el fen\u00f3meno de El Ni\u00f1o se intensificar\u00e1 durante los pr\u00f3ximos meses y podr\u00eda llevar al planeta a una nueva etapa de condiciones clim\u00e1ticas extremas, con mayores riesgos de sequ\u00edas, inundaciones y temperaturas r\u00e9cord.<br><\/p>\n\n\n\n<p class=\"wp-block-paragraph\">La agencia de Naciones Unidas confirm\u00f3 este jueves que El Ni\u00f1o continuar\u00e1 fortaleci\u00e9ndose hasta alcanzar una intensidad \u201cmuy fuerte\u201d hacia finales de a\u00f1o y permanecer\u00e1 activo al menos hasta febrero de 2027. Sus efectos podr\u00edan alterar los patrones de lluvia y temperatura en diversas regiones del mundo.<br><\/p>\n\n\n\n<p class=\"wp-block-paragraph\">El secretario general de la ONU, Ant\u00f3nio Guterres, describi\u00f3 el fen\u00f3meno como \u201cgigantesco\u201d y afirm\u00f3 que el planeta se encuentra en una \u201czona de peligro del clima extremo\u201d, debido tambi\u00e9n al incremento sostenido de las temperaturas de los oc\u00e9anos.<br><\/p>\n\n\n\n<p class=\"wp-block-paragraph\">Una de las principales preocupaciones de los cient\u00edficos se concentra en el Pac\u00edfico tropical, donde las temperaturas superficiales han llegado a superar hasta en 2.6 grados Celsius los valores habituales. Debajo de la superficie, el calentamiento es todav\u00eda m\u00e1s elevado y en algunas zonas supera los ocho grados por encima de la media.<br><\/p>\n\n\n\n<p class=\"wp-block-paragraph\">Centroam\u00e9rica ya enfrenta los efectos de la alteraci\u00f3n de las lluvias, con sequ\u00edas y escasez de agua que han afectado cultivos de ma\u00edz y a miles de familias campesinas. En India tambi\u00e9n se prev\u00e9n consecuencias para la agricultura debido a un monz\u00f3n por debajo de los niveles habituales.<br><\/p>\n\n\n\n<p class=\"wp-block-paragraph\">Otras regiones, como partes de \u00c1frica, el sudeste asi\u00e1tico y Australia, podr\u00edan experimentar lluvias intensas, inundaciones y deslizamientos de tierra. La disminuci\u00f3n de la producci\u00f3n agr\u00edcola representa adem\u00e1s un riesgo para la seguridad alimentaria y podr\u00eda generar presiones sobre los precios de los alimentos.<br><\/p>\n\n\n\n<p class=\"wp-block-paragraph\">La secretaria general de la OMM, Celeste Saulo, llam\u00f3 a los gobiernos a reforzar desde ahora sus medidas de prevenci\u00f3n y respuesta ante un fen\u00f3meno que, por su intensidad prevista, requiere una preparaci\u00f3n excepcional.<\/p>\n","protected":false},"excerpt":{"rendered":"<p>La OMM prev\u00e9 que el fen\u00f3meno alcance una intensidad muy fuerte a finales de 2026 y sus efectos se prolonguen hasta febrero de 2027. La Organizaci\u00f3n Meteorol\u00f3gica Mundial (OMM) advirti\u00f3 que el fen\u00f3meno de El Ni\u00f1o se intensificar\u00e1 durante los pr\u00f3ximos meses y podr\u00eda llevar al planeta a una nueva etapa de condiciones clim\u00e1ticas extremas, [&hellip;]<\/p>\n","protected":false},"author":1,"featured_media":89523,"comment_status":"closed","ping_status":"closed","sticky":false,"template":"","format":"standard","meta":{"footnotes":""},"categories":[83,80,85],"tags":[],"class_list":["post-89519","post","type-post","status-publish","format-standard","has-post-thumbnail","hentry","category-destacado","category-mundo","category-portada"],"_links":{"self":[{"href":"https:\/\/themexicopost.com\/index.php?rest_route=\/wp\/v2\/posts\/89519","targetHints":{"allow":["GET"]}}],"collection":[{"href":"https:\/\/themexicopost.com\/index.php?rest_route=\/wp\/v2\/posts"}],"about":[{"href":"https:\/\/themexicopost.com\/index.php?rest_route=\/wp\/v2\/types\/post"}],"author":[{"embeddable":true,"href":"https:\/\/themexicopost.com\/index.php?rest_route=\/wp\/v2\/users\/1"}],"replies":[{"embeddable":true,"href":"https:\/\/themexicopost.com\/index.php?rest_route=%2Fwp%2Fv2%2Fcomments&post=89519"}],"version-history":[{"count":1,"href":"https:\/\/themexicopost.com\/index.php?rest_route=\/wp\/v2\/posts\/89519\/revisions"}],"predecessor-version":[{"id":89524,"href":"https:\/\/themexicopost.com\/index.php?rest_route=\/wp\/v2\/posts\/89519\/revisions\/89524"}],"wp:featuredmedia":[{"embeddable":true,"href":"https:\/\/themexicopost.com\/index.php?rest_route=\/wp\/v2\/media\/89523"}],"wp:attachment":[{"href":"https:\/\/themexicopost.com\/index.php?rest_route=%2Fwp%2Fv2%2Fmedia&parent=89519"}],"wp:term":[{"taxonomy":"category","embeddable":true,"href":"https:\/\/themexicopost.com\/index.php?rest_route=%2Fwp%2Fv2%2Fcategories&post=89519"},{"taxonomy":"post_tag","embeddable":true,"href":"https:\/\/themexicopost.com\/index.php?rest_route=%2Fwp%2Fv2%2Ftags&post=89519"}],"curies":[{"name":"wp","href":"https:\/\/api.w.org\/{rel}","templated":true}]}}