{"id":89522,"date":"2026-09-04T06:57:51","date_gmt":"2026-09-04T12:57:51","guid":{"rendered":"https:\/\/themexicopost.com\/?p=89522"},"modified":"2026-09-04T06:57:53","modified_gmt":"2026-09-04T12:57:53","slug":"bachelet-reconoce-que-no-sera-secretaria-general-de-la-onu","status":"publish","type":"post","link":"https:\/\/themexicopost.com\/?p=89522","title":{"rendered":"Bachelet reconoce que no ser\u00e1 secretaria general de la ONU"},"content":{"rendered":"\n<figure class=\"wp-block-pullquote\"><blockquote><p>La expresidenta de Chile admiti\u00f3 que los \u00faltimos sondeos en el Consejo de Seguridad dejaron su candidatura en una posici\u00f3n desfavorable.<\/p><\/blockquote><\/figure>\n\n\n\n<p class=\"has-drop-cap wp-block-paragraph\">La expresidenta de Chile Michelle Bachelet reconoci\u00f3 que sus posibilidades de convertirse en la pr\u00f3xima secretaria general de la Organizaci\u00f3n de las Naciones Unidas (ONU) son pr\u00e1cticamente nulas, luego de los resultados adversos obtenidos en los \u00faltimos sondeos informales realizados entre los integrantes del Consejo de Seguridad.<br><\/p>\n\n\n\n<p class=\"wp-block-paragraph\">\u201cS\u00e9 que no voy a ser secretaria general\u201d, afirm\u00f3 Bachelet durante su participaci\u00f3n en el encuentro Migraci\u00f3n: desaf\u00edos para el mundo, Latinoam\u00e9rica y Chile, organizado por la Universidad Diego Portales.<br><\/p>\n\n\n\n<p class=\"wp-block-paragraph\">La tambi\u00e9n ex Alta Comisionada de Derechos Humanos de la ONU se refiri\u00f3 al complejo escenario de su candidatura y aprovech\u00f3 para cuestionar la crisis que atraviesa el multilateralismo. En ese contexto, se\u00f1al\u00f3 que la influencia internacional de Estados Unidos ha disminuido mientras China ha incrementado su llamado \u201cpoder blando\u201d, relacionado con su capacidad de influencia cultural y diplom\u00e1tica.<br><\/p>\n\n\n\n<p class=\"wp-block-paragraph\">La candidatura de Bachelet recibi\u00f3 un nuevo rev\u00e9s a finales de agosto, cuando obtuvo seis votos desfavorables en el segundo sondeo informal del Consejo de Seguridad, coloc\u00e1ndose en el s\u00e9ptimo lugar entre ocho aspirantes. En la primera consulta, realizada en julio, hab\u00eda ocupado la cuarta posici\u00f3n.<br><\/p>\n\n\n\n<p class=\"wp-block-paragraph\">Pese al panorama adverso, la exmandataria chilena ha mantenido su campa\u00f1a con el respaldo de Brasil y M\u00e9xico, despu\u00e9s de que el gobierno del presidente Jos\u00e9 Antonio Kast retirara en marzo el apoyo oficial de Chile al considerar que sus posibilidades de \u00e9xito eran muy bajas.<br><\/p>\n\n\n\n<p class=\"wp-block-paragraph\">Durante los \u00faltimos meses, Bachelet realiz\u00f3 reuniones con representantes de distintos pa\u00edses miembros del Consejo de Seguridad para promover su candidatura. Sin embargo, no logr\u00f3 concretar un encuentro con el presidente estadounidense Donald Trump.<br><\/p>\n\n\n\n<p class=\"wp-block-paragraph\">Entre risas, la expresidenta concluy\u00f3 su reflexi\u00f3n sobre la contienda con una frase que pr\u00e1cticamente marca el cierre de sus aspiraciones: \u201cNo ser\u00e9 la secretaria general, puedo darla, pero es un alivio\u201d.<\/p>\n","protected":false},"excerpt":{"rendered":"<p>La expresidenta de Chile admiti\u00f3 que los \u00faltimos sondeos en el Consejo de Seguridad dejaron su candidatura en una posici\u00f3n desfavorable. La expresidenta de Chile Michelle Bachelet reconoci\u00f3 que sus posibilidades de convertirse en la pr\u00f3xima secretaria general de la Organizaci\u00f3n de las Naciones Unidas (ONU) son pr\u00e1cticamente nulas, luego de los resultados adversos obtenidos [&hellip;]<\/p>\n","protected":false},"author":1,"featured_media":89525,"comment_status":"closed","ping_status":"closed","sticky":false,"template":"","format":"standard","meta":{"footnotes":""},"categories":[83,80,85],"tags":[],"class_list":["post-89522","post","type-post","status-publish","format-standard","has-post-thumbnail","hentry","category-destacado","category-mundo","category-portada"],"_links":{"self":[{"href":"https:\/\/themexicopost.com\/index.php?rest_route=\/wp\/v2\/posts\/89522","targetHints":{"allow":["GET"]}}],"collection":[{"href":"https:\/\/themexicopost.com\/index.php?rest_route=\/wp\/v2\/posts"}],"about":[{"href":"https:\/\/themexicopost.com\/index.php?rest_route=\/wp\/v2\/types\/post"}],"author":[{"embeddable":true,"href":"https:\/\/themexicopost.com\/index.php?rest_route=\/wp\/v2\/users\/1"}],"replies":[{"embeddable":true,"href":"https:\/\/themexicopost.com\/index.php?rest_route=%2Fwp%2Fv2%2Fcomments&post=89522"}],"version-history":[{"count":1,"href":"https:\/\/themexicopost.com\/index.php?rest_route=\/wp\/v2\/posts\/89522\/revisions"}],"predecessor-version":[{"id":89526,"href":"https:\/\/themexicopost.com\/index.php?rest_route=\/wp\/v2\/posts\/89522\/revisions\/89526"}],"wp:featuredmedia":[{"embeddable":true,"href":"https:\/\/themexicopost.com\/index.php?rest_route=\/wp\/v2\/media\/89525"}],"wp:attachment":[{"href":"https:\/\/themexicopost.com\/index.php?rest_route=%2Fwp%2Fv2%2Fmedia&parent=89522"}],"wp:term":[{"taxonomy":"category","embeddable":true,"href":"https:\/\/themexicopost.com\/index.php?rest_route=%2Fwp%2Fv2%2Fcategories&post=89522"},{"taxonomy":"post_tag","embeddable":true,"href":"https:\/\/themexicopost.com\/index.php?rest_route=%2Fwp%2Fv2%2Ftags&post=89522"}],"curies":[{"name":"wp","href":"https:\/\/api.w.org\/{rel}","templated":true}]}}