{"id":9623,"date":"2023-05-04T14:49:12","date_gmt":"2023-05-04T14:49:12","guid":{"rendered":"https:\/\/themexicopost.com\/?p=9623"},"modified":"2023-05-04T14:49:13","modified_gmt":"2023-05-04T14:49:13","slug":"ruanda-sufre-catastroficas-inundaciones-que-dejan-127-muertos","status":"publish","type":"post","link":"https:\/\/themexicopost.com\/?p=9623","title":{"rendered":"Ruanda sufre catastr\u00f3ficas inundaciones que dejan 127 muertos"},"content":{"rendered":"\n<figure class=\"wp-block-pullquote\"><blockquote><p>El presidente Paul Kagame inform\u00f3 que se estaban habilitando refugios para las personas sin hogar en escuelas y otros edificios.<\/p><\/blockquote><\/figure>\n\n\n\n<p class=\"has-drop-cap\">Al menos 127 personas murieron a causa de las inundaciones y aludes que han asolado varias zonas de Ruanda tras las lluvias torrenciales, destruyendo viviendas y cortando carreteras. Im\u00e1genes publicadas en Internet por la radiotelevisi\u00f3n estatal mostraban r\u00edos de lodo arrasando las calles mientras los residentes luchaban por ponerse a salvo, algunos vadeando el agua o trepando a los techos de casas derrumbadas.<br><\/p>\n\n\n\n<p>Este peque\u00f1o pa\u00eds de la regi\u00f3n africana de los Grandes Lagos ha sufrido cat\u00e1strofes similares en el pasado, pero \u00e9sta parece ser la m\u00e1s mort\u00edfera de los \u00faltimos a\u00f1os.<br><\/p>\n\n\n\n<p>El gobierno ruand\u00e9s dijo que estaba habilitando refugios para las personas sin hogar en escuelas y otros edificios, sin dar una cifra de desplazados.<br><\/p>\n\n\n\n<p>\u201cSe est\u00e1n llevando a cabo intervenciones de rescate en los distritos m\u00e1s afectados\u2026 con el fin de proteger a los ciudadanos en peligro\u201d, declar\u00f3 la oficina del presidente Paul Kagame en un comunicado en el que confirmaba la cifra de 127 muertos.<br><\/p>\n\n\n\n<figure class=\"wp-block-image size-large\"><img fetchpriority=\"high\" decoding=\"async\" width=\"1024\" height=\"683\" src=\"https:\/\/themexicopost.com\/wp-content\/uploads\/2023\/05\/ruanda-2-1024x683.jpg\" alt=\"\" class=\"wp-image-9625\" srcset=\"https:\/\/themexicopost.com\/wp-content\/uploads\/2023\/05\/ruanda-2-1024x683.jpg 1024w, https:\/\/themexicopost.com\/wp-content\/uploads\/2023\/05\/ruanda-2-300x200.jpg 300w, https:\/\/themexicopost.com\/wp-content\/uploads\/2023\/05\/ruanda-2-768x512.jpg 768w, https:\/\/themexicopost.com\/wp-content\/uploads\/2023\/05\/ruanda-2-330x220.jpg 330w, https:\/\/themexicopost.com\/wp-content\/uploads\/2023\/05\/ruanda-2-420x280.jpg 420w, https:\/\/themexicopost.com\/wp-content\/uploads\/2023\/05\/ruanda-2-615x410.jpg 615w, https:\/\/themexicopost.com\/wp-content\/uploads\/2023\/05\/ruanda-2-860x573.jpg 860w, https:\/\/themexicopost.com\/wp-content\/uploads\/2023\/05\/ruanda-2.jpg 1200w\" sizes=\"(max-width: 1024px) 100vw, 1024px\" \/><\/figure>\n\n\n\n<p>La agencia estatal Rwanda Broadcasting Agency (RBA) dijo que la mayor\u00eda de las muertes se produjeron en la provincia occidental, que bordea el lago Kivu.<br><\/p>\n\n\n\n<p>Alain Mukuralinda, portavoz adjunto del gobierno ruand\u00e9s, dijo a la AFP que los residentes en las zonas afectadas han recibido instrucciones de no permanecer en sus casas durante la noche y buscar refugio en otros sitios como escuelas.<br><\/p>\n\n\n\n<p>La ministra ruandesa encargada de la gesti\u00f3n de emergencias, Marie Solange Kayisire, hab\u00eda declarado anteriormente a RBA que las autoridades ya estaban ayudando a enterrar a las v\u00edctimas de la cat\u00e1strofe y proporcionando suministros a aquellos cuyos hogares hab\u00edan quedado destruidos.<br><\/p>\n\n\n\n<p>En la vecina Uganda, seis personas murieron en el oeste del pa\u00eds al producirse corrimientos de tierra en sus casas tras d\u00edas de lluvias torrenciales, seg\u00fan la Cruz Roja local. Cinco de los fallecidos pertenec\u00edan a la misma familia y eran de una misma aldea. Las im\u00e1genes compartidas por la Cruz Roja mostraban a agricultores de la zona encaramados en laderas de empinadas terrazas excavando entre el lodo reci\u00e9n deslizado y casas enterradas en el barro hasta los tejados.<\/p>\n","protected":false},"excerpt":{"rendered":"<p>El presidente Paul Kagame inform\u00f3 que se estaban habilitando refugios para las personas sin hogar en escuelas y otros edificios. Al menos 127 personas murieron a causa de las inundaciones y aludes que han asolado varias zonas de Ruanda tras las lluvias torrenciales, destruyendo viviendas y cortando carreteras. Im\u00e1genes publicadas en Internet por la radiotelevisi\u00f3n [&hellip;]<\/p>\n","protected":false},"author":1,"featured_media":9624,"comment_status":"closed","ping_status":"closed","sticky":false,"template":"","format":"standard","meta":{"footnotes":""},"categories":[83,80],"tags":[],"class_list":["post-9623","post","type-post","status-publish","format-standard","has-post-thumbnail","hentry","category-destacado","category-mundo"],"_links":{"self":[{"href":"https:\/\/themexicopost.com\/index.php?rest_route=\/wp\/v2\/posts\/9623","targetHints":{"allow":["GET"]}}],"collection":[{"href":"https:\/\/themexicopost.com\/index.php?rest_route=\/wp\/v2\/posts"}],"about":[{"href":"https:\/\/themexicopost.com\/index.php?rest_route=\/wp\/v2\/types\/post"}],"author":[{"embeddable":true,"href":"https:\/\/themexicopost.com\/index.php?rest_route=\/wp\/v2\/users\/1"}],"replies":[{"embeddable":true,"href":"https:\/\/themexicopost.com\/index.php?rest_route=%2Fwp%2Fv2%2Fcomments&post=9623"}],"version-history":[{"count":1,"href":"https:\/\/themexicopost.com\/index.php?rest_route=\/wp\/v2\/posts\/9623\/revisions"}],"predecessor-version":[{"id":9626,"href":"https:\/\/themexicopost.com\/index.php?rest_route=\/wp\/v2\/posts\/9623\/revisions\/9626"}],"wp:featuredmedia":[{"embeddable":true,"href":"https:\/\/themexicopost.com\/index.php?rest_route=\/wp\/v2\/media\/9624"}],"wp:attachment":[{"href":"https:\/\/themexicopost.com\/index.php?rest_route=%2Fwp%2Fv2%2Fmedia&parent=9623"}],"wp:term":[{"taxonomy":"category","embeddable":true,"href":"https:\/\/themexicopost.com\/index.php?rest_route=%2Fwp%2Fv2%2Fcategories&post=9623"},{"taxonomy":"post_tag","embeddable":true,"href":"https:\/\/themexicopost.com\/index.php?rest_route=%2Fwp%2Fv2%2Ftags&post=9623"}],"curies":[{"name":"wp","href":"https:\/\/api.w.org\/{rel}","templated":true}]}}